{"id":19112,"date":"2019-09-26T14:45:22","date_gmt":"2019-09-26T14:45:22","guid":{"rendered":"http:\/\/todoapulmon-rafaela.com\/?p=19112"},"modified":"2019-09-26T14:45:22","modified_gmt":"2019-09-26T14:45:22","slug":"nueva-fecha-de-ciclismo-en-los-barrios","status":"publish","type":"post","link":"https:\/\/todoapulmon-rafaela.com\/index.php\/2019\/09\/26\/nueva-fecha-de-ciclismo-en-los-barrios\/","title":{"rendered":"Nueva fecha de Ciclismo en los Barrios"},"content":{"rendered":"<div class=\"adn ads\">\n<div class=\"gs\">\n<div class=\"\">\n<div id=\":oj\" class=\"ii gt\">\n<div id=\":oi\" class=\"a3s aXjCH \">\n<div>\n<div>\n<p>Este s\u00e1bado 28 de septiembre, se desarrollar\u00e1 un nuevo encuentro del programa Ciclismo en los Barrios que organiza la Municipalidad de Rafaela con la colaboraci\u00f3n del club Ciclista de nuestra ciudad y el senador departamental Alcides Calvo. El mismo se llevar\u00e1 a cabo en un circuito trazado en avenida Williner, frente a la vecinal del barrio Ilolay, y el comienzo de la actividad est\u00e1 previsto a las 15:30.<\/p>\n<p>Cabe recordar que, como en las ediciones anteriores, participar\u00e1n ni\u00f1os, ni\u00f1as y j\u00f3venes de 5 a 12 a\u00f1os quienes podr\u00e1n inscribirse momentos antes de la prueba. Habr\u00e1 premios para los cinco primeros en todas las competencias y categor\u00edas y, adem\u00e1s, se sortear\u00e1 una bicicleta entre todos los participantes.<\/p>\n<p>El programa, considerado como una pol\u00edtica de Estado, cumple 27 a\u00f1os ininterrumpidos siendo un pilar en el deporte rafaelino. Es una muestra del \u00e9xito que, a lo largo del tiempo, se ha consolidado como uno de los epicentros de generaci\u00f3n de nuevos valores que luego se proyectaron al alto rendimiento.<\/p>\n<\/div>\n<\/div>\n<\/div>\n<div class=\"yj6qo\"><\/div>\n<div class=\"yj6qo\"><\/div>\n<div class=\"yj6qo\"><\/div>\n<\/div>\n<div class=\"hi\"><\/div>\n<\/div>\n<\/div>\n<div class=\"ajx\"><\/div>\n<\/div>\n<div class=\"gA gt acV\">\n<div class=\"gB xu\">\n<div class=\"ip iq\">\n<div id=\":ok\">\n<table class=\"cf wS\">\n<tbody>\n<tr>\n<td class=\"amq\"><img decoding=\"async\" id=\":ms_0\" class=\"ajn bofPge\" src=\"https:\/\/ssl.gstatic.com\/ui\/v1\/icons\/mail\/no_photo.png\" alt=\"\" \/><\/td>\n<td class=\"amr\">\n<div class=\"nr wR\">\n<div class=\"amn\"><span id=\":od\" class=\"ams bkH\">Responder<\/span><span id=\":of\" class=\"ams bkG\">Reenviar<\/span><\/div>\n<\/div>\n<\/td>\n<\/tr>\n<\/tbody>\n<\/table>\n<\/div>\n<\/div>\n<\/div>\n<\/div>\n","protected":false},"excerpt":{"rendered":"<p>Este s\u00e1bado 28 de septiembre, se desarrollar\u00e1 un nuevo encuentro del programa Ciclismo en los Barrios que organiza la Municipalidad<\/p>\n","protected":false},"author":2,"featured_media":19113,"comment_status":"open","ping_status":"open","sticky":false,"template":"","format":"standard","meta":{"footnotes":""},"categories":[4],"tags":[],"class_list":["post-19112","post","type-post","status-publish","format-standard","has-post-thumbnail","hentry","category-ciclismo"],"cc_featured_image_caption":{"caption_text":"Los chicos tendr\u00e1n una nueva fecha del ciclismo barrial (foto prensa Municipalidad).","source_text":"","source_url":""},"_links":{"self":[{"href":"https:\/\/todoapulmon-rafaela.com\/index.php\/wp-json\/wp\/v2\/posts\/19112"}],"collection":[{"href":"https:\/\/todoapulmon-rafaela.com\/index.php\/wp-json\/wp\/v2\/posts"}],"about":[{"href":"https:\/\/todoapulmon-rafaela.com\/index.php\/wp-json\/wp\/v2\/types\/post"}],"author":[{"embeddable":true,"href":"https:\/\/todoapulmon-rafaela.com\/index.php\/wp-json\/wp\/v2\/users\/2"}],"replies":[{"embeddable":true,"href":"https:\/\/todoapulmon-rafaela.com\/index.php\/wp-json\/wp\/v2\/comments?post=19112"}],"version-history":[{"count":1,"href":"https:\/\/todoapulmon-rafaela.com\/index.php\/wp-json\/wp\/v2\/posts\/19112\/revisions"}],"predecessor-version":[{"id":19114,"href":"https:\/\/todoapulmon-rafaela.com\/index.php\/wp-json\/wp\/v2\/posts\/19112\/revisions\/19114"}],"wp:featuredmedia":[{"embeddable":true,"href":"https:\/\/todoapulmon-rafaela.com\/index.php\/wp-json\/wp\/v2\/media\/19113"}],"wp:attachment":[{"href":"https:\/\/todoapulmon-rafaela.com\/index.php\/wp-json\/wp\/v2\/media?parent=19112"}],"wp:term":[{"taxonomy":"category","embeddable":true,"href":"https:\/\/todoapulmon-rafaela.com\/index.php\/wp-json\/wp\/v2\/categories?post=19112"},{"taxonomy":"post_tag","embeddable":true,"href":"https:\/\/todoapulmon-rafaela.com\/index.php\/wp-json\/wp\/v2\/tags?post=19112"}],"curies":[{"name":"wp","href":"https:\/\/api.w.org\/{rel}","templated":true}]}}