{"id":19098,"date":"2019-09-23T23:17:53","date_gmt":"2019-09-23T23:17:53","guid":{"rendered":"http:\/\/todoapulmon-rafaela.com\/?p=19098"},"modified":"2019-09-23T23:19:54","modified_gmt":"2019-09-23T23:19:54","slug":"dos-entre-los-primeros-100-del-mejor-maraton-argentino-de-la-historia","status":"publish","type":"post","link":"https:\/\/todoapulmon-rafaela.com\/index.php\/2019\/09\/23\/dos-entre-los-primeros-100-del-mejor-maraton-argentino-de-la-historia\/","title":{"rendered":"Dos entre los primeros 100 del mejor marat\u00f3n argentino de la historia"},"content":{"rendered":"<p>Dos atletas de nuestra ciudad culminaron entre los 100 primeros de la clasificaci\u00f3n general masculina del Marat\u00f3n de Buenos Aires: Rodrigo Visconti con un tiempo de 2h48m21s, qued\u00f3 ubicado en el puesto 66, y en el 17\u00b0 de su categor\u00eda (30 a 34 a\u00f1os).<\/p>\n<p>Por su parte, Germ\u00e1n Fern\u00e1ndez tuvo un registro de 2h50m33s para clasificarse en la posici\u00f3n 92\u00b0 y 18\u00b0 en su categor\u00eda, de 17 a 29 a\u00f1os.<\/p>\n<p>No se conocen registros precisos si hubo antecedentes de una situaci\u00f3n similar en el historial de la tradicional competencia porte\u00f1a, pero lo cierto es que bien podr\u00eda catalogarse como un hecho muy trascendente para el running de nuestra ciudad.<\/p>\n<p>Esto, desde la humilde percepci\u00f3n de esta p\u00e1gina, en funci\u00f3n de lo que han resaltado muchos especialistas en atletismo, como lo ha puntualizado la propia CADA que lo defini\u00f3 como el mejor marat\u00f3n del historial en el pa\u00eds.<\/p>\n<p>\u201cPor su poder de convocatoria (m\u00e1s de 10 mil participantes, de los cuales casi 9.000 completaron el recorrido), por el clima de fiesta y vibraci\u00f3n desde la previa hasta los distintos shows y las emociones del final. Y, fundamentalmente, por un nivel t\u00e9cnico que ha colocado a esta competici\u00f3n, organizada por la Asociaci\u00f3n \u00d1and\u00fa y fiscalizada por CADA\/FAM, como una de las m\u00e1s relevantes del circuito mundial.<\/p>\n<p><strong>\u201cDe hecho, en apenas cinco ciudades se ha podido correr m\u00e1s r\u00e1pido el marat\u00f3n en esta temporada del 2019.<\/strong>\u00a0Esta edici\u00f3n cont\u00f3, adem\u00e1s, con el \u201cplus\u201d del Campeonato Nacional Argentino y del Campeonato Sudamericano donde los dos primeros en caballeros, el paraguayo Derlys Ram\u00f3n Ayala y el argentino Joaqu\u00edn Emanuel Arbe, concretaron un sue\u00f1o: la clasificaci\u00f3n directa, por marcas, a los Juegos Ol\u00edmpicos de Tokio 2020\u201d.<\/p>\n<p>El texto citado de manera textual es muy elocuente y sirve como un ejemplo valedero de estos registros alcanzados.<\/p>\n<p>Los atletas entrenados por Ariel Magallanes mejoraron sus registros personales y tuvieron este plus estad\u00edstico. Como muchos otros runners locales, disfrutaron de los 42k de Buenos Aires. Felicitaciones para todos.<\/p>\n<p>En nuestras redes sociales fuimos publicando, de acuerdo a lo que nos informaron los distintos grupos de running de nuestra ciudad, resultados y presencias locales.<\/p>\n","protected":false},"excerpt":{"rendered":"<p>Dos atletas de nuestra ciudad culminaron entre los 100 primeros de la clasificaci\u00f3n general masculina del Marat\u00f3n de Buenos Aires:<\/p>\n","protected":false},"author":2,"featured_media":19102,"comment_status":"open","ping_status":"open","sticky":false,"template":"","format":"standard","meta":{"footnotes":""},"categories":[7,24],"tags":[],"class_list":["post-19098","post","type-post","status-publish","format-standard","has-post-thumbnail","hentry","category-atletismo","category-noticias-destacadas"],"cc_featured_image_caption":{"caption_text":"Rodrigo Visconti y Germ\u00e1n Fern\u00e1ndez.","source_text":"","source_url":""},"_links":{"self":[{"href":"https:\/\/todoapulmon-rafaela.com\/index.php\/wp-json\/wp\/v2\/posts\/19098"}],"collection":[{"href":"https:\/\/todoapulmon-rafaela.com\/index.php\/wp-json\/wp\/v2\/posts"}],"about":[{"href":"https:\/\/todoapulmon-rafaela.com\/index.php\/wp-json\/wp\/v2\/types\/post"}],"author":[{"embeddable":true,"href":"https:\/\/todoapulmon-rafaela.com\/index.php\/wp-json\/wp\/v2\/users\/2"}],"replies":[{"embeddable":true,"href":"https:\/\/todoapulmon-rafaela.com\/index.php\/wp-json\/wp\/v2\/comments?post=19098"}],"version-history":[{"count":1,"href":"https:\/\/todoapulmon-rafaela.com\/index.php\/wp-json\/wp\/v2\/posts\/19098\/revisions"}],"predecessor-version":[{"id":19100,"href":"https:\/\/todoapulmon-rafaela.com\/index.php\/wp-json\/wp\/v2\/posts\/19098\/revisions\/19100"}],"wp:featuredmedia":[{"embeddable":true,"href":"https:\/\/todoapulmon-rafaela.com\/index.php\/wp-json\/wp\/v2\/media\/19102"}],"wp:attachment":[{"href":"https:\/\/todoapulmon-rafaela.com\/index.php\/wp-json\/wp\/v2\/media?parent=19098"}],"wp:term":[{"taxonomy":"category","embeddable":true,"href":"https:\/\/todoapulmon-rafaela.com\/index.php\/wp-json\/wp\/v2\/categories?post=19098"},{"taxonomy":"post_tag","embeddable":true,"href":"https:\/\/todoapulmon-rafaela.com\/index.php\/wp-json\/wp\/v2\/tags?post=19098"}],"curies":[{"name":"wp","href":"https:\/\/api.w.org\/{rel}","templated":true}]}}