{"id":19037,"date":"2019-09-18T16:44:43","date_gmt":"2019-09-18T16:44:43","guid":{"rendered":"http:\/\/todoapulmon-rafaela.com\/?p=19037"},"modified":"2019-09-18T16:44:43","modified_gmt":"2019-09-18T16:44:43","slug":"comienza-el-nacional-de-ascenso-en-salta","status":"publish","type":"post","link":"https:\/\/todoapulmon-rafaela.com\/index.php\/2019\/09\/18\/comienza-el-nacional-de-ascenso-en-salta\/","title":{"rendered":"Comienza el Nacional de Ascenso en Salta"},"content":{"rendered":"<p>Dar\u00e1 comienzo este jueves en Salta el Campeonato Argentino de Ascenso Sub 18, en sus dos niveles: A y B.<\/p>\n<p>En el A estar\u00e1 el seleccionado de la Asociaci\u00f3n Santafesina, que tendr\u00e1 en su plantel a la arquera Mar\u00eda del Rosario Cordero y a la delantera Abril Beltramino. El debut por Zona A ser\u00e1 ante San Juan a las 13.30, el viernes a las 10.30 el rival ser\u00e1 Cuenca del Salado y el cierre de la etapa clasificatoria, el mismo d\u00eda a las 16.30 ante Tandilense. El objetivo del equipo es ascender.<\/p>\n<p>El plantel completo:\u00a0Abril Beltramino (CRAR), Mercedes Bertoldi (CRAI), Noelia Bigliani (SFRC), Ma. Del Rosario Cordero (CRAR), Sof\u00eda Fern\u00e1ndez (El Quill\u00e1), Sara Ferreyra (Banco), Agostina Forni (El Quill\u00e1), Cielo Gallo (Universitario), Delfina Gamboa (CRAI), Brisa Marinelli (Banco), Carla Miraglio (El Quill\u00e1), Jazm\u00edn Neville (El Quill\u00e1), Josefina Orellano (SFRC), Candela Petruzzo (Banco), Emma Ponzo (El Quill\u00e1), Paulina Ponzo (El Quill\u00e1), Martina Pujato (CRAI), Abril Rosatti (Atl\u00e9tico Franck), Florencia Ru\u00edz \u00a0(Banco), y Martina Spuler (SFRC).\u00a0<u>Entrenador:<\/u>\u00a0Franco Porta.\u00a0<u>Asistente T\u00e9cnica:<\/u>\u00a0Florencia Villar.\u00a0<u>PF:<\/u>\u00a0Gonzalo Robaina.\u00a0<u>Kinesiologo:<\/u>\u00a0Juan Pablo Perazzi.\u00a0<u>Colaborador Adjunto:<\/u>\u00a0Jos\u00e9 Femenia.\u00a0<u>Jefa de Equipo:<\/u>\u00a0Mariana Rodr\u00edguez.<\/p>\n<p>ASCENSO B<\/p>\n<p>Por otra parte, en el torneo B, jugar\u00e1 el seleccionado de la FOSH. En el marco de la Zona B jugar\u00e1 su primer partido este jueves a las 9 frente a Austral; mientras que el segundo juego ser\u00e1 a las 17 contra Santiago del Estero.<\/p>\n<p>El viernes volver\u00e1 a jugar el primer turno, a las 9, frente a La Rioja. A las 15, en el turno vespertino, jugar\u00e1 ante Entre R\u00edos. El cierre de la larga etapa clasificatoria se producir\u00e1 el s\u00e1bado a las 11.30 ante la Federaci\u00f3n Uruguaya.<\/p>\n","protected":false},"excerpt":{"rendered":"<p>Dar\u00e1 comienzo este jueves en Salta el Campeonato Argentino de Ascenso Sub 18, en sus dos niveles: A y B.<\/p>\n","protected":false},"author":2,"featured_media":19038,"comment_status":"open","ping_status":"open","sticky":false,"template":"","format":"standard","meta":{"footnotes":""},"categories":[3,24],"tags":[],"class_list":["post-19037","post","type-post","status-publish","format-standard","has-post-thumbnail","hentry","category-hockey","category-noticias-destacadas"],"cc_featured_image_caption":{"caption_text":"El seleccionado de la Asociaci\u00f3n Santafesina, que integran Abril Beltramino y Charo Cordero (foto ASH).","source_text":"","source_url":""},"_links":{"self":[{"href":"https:\/\/todoapulmon-rafaela.com\/index.php\/wp-json\/wp\/v2\/posts\/19037"}],"collection":[{"href":"https:\/\/todoapulmon-rafaela.com\/index.php\/wp-json\/wp\/v2\/posts"}],"about":[{"href":"https:\/\/todoapulmon-rafaela.com\/index.php\/wp-json\/wp\/v2\/types\/post"}],"author":[{"embeddable":true,"href":"https:\/\/todoapulmon-rafaela.com\/index.php\/wp-json\/wp\/v2\/users\/2"}],"replies":[{"embeddable":true,"href":"https:\/\/todoapulmon-rafaela.com\/index.php\/wp-json\/wp\/v2\/comments?post=19037"}],"version-history":[{"count":1,"href":"https:\/\/todoapulmon-rafaela.com\/index.php\/wp-json\/wp\/v2\/posts\/19037\/revisions"}],"predecessor-version":[{"id":19039,"href":"https:\/\/todoapulmon-rafaela.com\/index.php\/wp-json\/wp\/v2\/posts\/19037\/revisions\/19039"}],"wp:featuredmedia":[{"embeddable":true,"href":"https:\/\/todoapulmon-rafaela.com\/index.php\/wp-json\/wp\/v2\/media\/19038"}],"wp:attachment":[{"href":"https:\/\/todoapulmon-rafaela.com\/index.php\/wp-json\/wp\/v2\/media?parent=19037"}],"wp:term":[{"taxonomy":"category","embeddable":true,"href":"https:\/\/todoapulmon-rafaela.com\/index.php\/wp-json\/wp\/v2\/categories?post=19037"},{"taxonomy":"post_tag","embeddable":true,"href":"https:\/\/todoapulmon-rafaela.com\/index.php\/wp-json\/wp\/v2\/tags?post=19037"}],"curies":[{"name":"wp","href":"https:\/\/api.w.org\/{rel}","templated":true}]}}