{"id":19033,"date":"2019-09-17T21:32:44","date_gmt":"2019-09-17T21:32:44","guid":{"rendered":"http:\/\/todoapulmon-rafaela.com\/?p=19033"},"modified":"2019-09-17T21:32:44","modified_gmt":"2019-09-17T21:32:44","slug":"los-pumas-ajustan-los-ultimos-detalles-antes-del-debut","status":"publish","type":"post","link":"https:\/\/todoapulmon-rafaela.com\/index.php\/2019\/09\/17\/los-pumas-ajustan-los-ultimos-detalles-antes-del-debut\/","title":{"rendered":"Los Pumas ajustan los \u00faltimos detalles antes del debut"},"content":{"rendered":"<p>El seleccionador de Argentina, Mario Ledesma, parece tener decidido el equipo que jugar\u00e1 contra Francia en el debut del Mundial de rugby, el s\u00e1bado en Tokio, en el que incluir\u00eda a Nico S\u00e1nchez, Juan Figallo y Agust\u00edn Creevy. Seg\u00fan los \u00faltimos entrenamientos, todo indica que parar\u00e1 casi el mismo equipo que perdi\u00f3 con Jaguares la final del Super Rugby contra Crusaders, con la inclusi\u00f3n de Nico S\u00e1nchez como apertura y Juan Figallo como pilar derecho. El rafaelino Mayco Vivas ser\u00eda suplente, ya que Nahuel Tetaz Chaparro ser\u00eda el pilar izquierdo titular.<br \/>\nEn los entrenamientos de esta semana, el lunes y el martes, Ledesma puso en las pruebas a Figallo, pese a que hab\u00eda colocado a Santiago Medrano la semana pasada como pilar derecho en las pr\u00e1cticas. De este modo, Ledesma contar\u00eda con trece de los quince que perdieron la final del Super Rugby, junto a S\u00e1nchez y Figallo. A las dudas para los puestos de apertura entre Nico S\u00e1nchez y Benjam\u00edn Urdapilleta y en el pilar derecho entre Medrano y Figallo se un\u00eda el de hooker por el que parec\u00edan luchar Creevy y Juli\u00e1n Montoya.<br \/>\nEste ser\u00eda el XV de Argentina que se enfrentar\u00eda a Francia: Emiliano Boffelli; Mat\u00edas Moroni, Jer\u00f3nimo de la Fuente, Mat\u00edas Orlando, Ramiro Moyano; Nicol\u00e1s S\u00e1nchez y Tom\u00e1s Cubelli; Javier Ortega Desio, Marcos Kremer y Pablo Matera; Tom\u00e1s Lavanini y Guido Petti; Juan Figallo, Agust\u00edn Creevy y Nahuel Tetaz Chaparro.<\/p>\n","protected":false},"excerpt":{"rendered":"<p>El seleccionador de Argentina, Mario Ledesma, parece tener decidido el equipo que jugar\u00e1 contra Francia en el debut del Mundial<\/p>\n","protected":false},"author":2,"featured_media":19034,"comment_status":"open","ping_status":"open","sticky":false,"template":"","format":"standard","meta":{"footnotes":""},"categories":[24,2],"tags":[],"class_list":["post-19033","post","type-post","status-publish","format-standard","has-post-thumbnail","hentry","category-noticias-destacadas","category-rugby"],"cc_featured_image_caption":{"caption_text":"Mayco Vivas, segundo de izquierda a derecha, en uno de los entrenamientos (Foto Los Pumas twitter).","source_text":"","source_url":""},"_links":{"self":[{"href":"https:\/\/todoapulmon-rafaela.com\/index.php\/wp-json\/wp\/v2\/posts\/19033"}],"collection":[{"href":"https:\/\/todoapulmon-rafaela.com\/index.php\/wp-json\/wp\/v2\/posts"}],"about":[{"href":"https:\/\/todoapulmon-rafaela.com\/index.php\/wp-json\/wp\/v2\/types\/post"}],"author":[{"embeddable":true,"href":"https:\/\/todoapulmon-rafaela.com\/index.php\/wp-json\/wp\/v2\/users\/2"}],"replies":[{"embeddable":true,"href":"https:\/\/todoapulmon-rafaela.com\/index.php\/wp-json\/wp\/v2\/comments?post=19033"}],"version-history":[{"count":1,"href":"https:\/\/todoapulmon-rafaela.com\/index.php\/wp-json\/wp\/v2\/posts\/19033\/revisions"}],"predecessor-version":[{"id":19035,"href":"https:\/\/todoapulmon-rafaela.com\/index.php\/wp-json\/wp\/v2\/posts\/19033\/revisions\/19035"}],"wp:featuredmedia":[{"embeddable":true,"href":"https:\/\/todoapulmon-rafaela.com\/index.php\/wp-json\/wp\/v2\/media\/19034"}],"wp:attachment":[{"href":"https:\/\/todoapulmon-rafaela.com\/index.php\/wp-json\/wp\/v2\/media?parent=19033"}],"wp:term":[{"taxonomy":"category","embeddable":true,"href":"https:\/\/todoapulmon-rafaela.com\/index.php\/wp-json\/wp\/v2\/categories?post=19033"},{"taxonomy":"post_tag","embeddable":true,"href":"https:\/\/todoapulmon-rafaela.com\/index.php\/wp-json\/wp\/v2\/tags?post=19033"}],"curies":[{"name":"wp","href":"https:\/\/api.w.org\/{rel}","templated":true}]}}