{"id":18958,"date":"2019-09-11T23:52:36","date_gmt":"2019-09-11T23:52:36","guid":{"rendered":"http:\/\/todoapulmon-rafaela.com\/?p=18958"},"modified":"2019-09-11T23:53:37","modified_gmt":"2019-09-11T23:53:37","slug":"franco-chiabotto-con-el-visto-bueno-de-saborido","status":"publish","type":"post","link":"https:\/\/todoapulmon-rafaela.com\/index.php\/2019\/09\/11\/franco-chiabotto-con-el-visto-bueno-de-saborido\/","title":{"rendered":"Franco Chiabotto, con el visto bueno de Saborido"},"content":{"rendered":"<p>Viene siendo un gran a\u00f1o para Franco Chiabotto en 9 de Julio y tambi\u00e9n mostr\u00f3 un buen nivel con Rafaela en el Provincial de Mayores. El pivot rafaelino, c\u00f3modo goleador del torneo Oficial de Primera Divisi\u00f3n con un promedio de 29.5 puntos por juego, despert\u00f3 el inter\u00e9s del entrenador Sebasti\u00e1n Saborido para la conformaci\u00f3n del plantel de Libertad de Sunchales que afrontar\u00e1 la pr\u00f3xima Liga Nacional.<br \/>\nEl jugador, de 21 a\u00f1os, lleva entrenando unos 10 d\u00edas con los Tigres y ya tuvo el visto bueno del entrenador Jefe aurinegro, por lo que solo restar\u00edan algunos detalles vinculados con la realizaci\u00f3n del pase entre el Le\u00f3n y los Ca\u00f1oneros.<br \/>\n\u00abLo vimos muy bien, m\u00e1s all\u00e1 de que tiene muchas cosas por mejorar y aprender, consideramos que tiene un gran potencial. En estos d\u00edas ha entrenado como alero y como ala-pivot\u00bb, manifest\u00f3 Saborido ante la consulta de esta web. El basquetbolista se sumar\u00e1 de manera segura al plantel de Liga de Desarrollo y se evaluar\u00e1 si ocupar\u00e1 ficha Sub 23 o Mayor -dependiendo si quedan libres- en Liga Nacional.<br \/>\nCabe acotar que su hermano Facundo tambi\u00e9n integr\u00f3 las filas de Libertad, pero en la Liga de Desarrollo, hace algunos a\u00f1os.<br \/>\nSabido es que Libertad tiene un presupuesto austero para afrontar la competencia y de hecho est\u00e1 mostrando varias dificultades para confirmar los extranjeros, ante la disparada del d\u00f3lar de las \u00faltimas semanas.<br \/>\nEl debut en el \u201cS\u00faper 20\u201d ser\u00e1 como visitante ante Atenas de C\u00f3rdoba, un d\u00eda despu\u00e9s del partido inaugural. Mientras que el 5 de octubre llegar\u00e1 el estreno en el \u201cHogar de los Tigres\u201d frente a Ol\u00edmpico de La Banda. Libertad integra el Grupo B junto a Quimsa (Santiago del Estero), Ol\u00edmpico (La Banda), Instituto y Atenas (C\u00f3rdoba).<\/p>\n","protected":false},"excerpt":{"rendered":"<p>Viene siendo un gran a\u00f1o para Franco Chiabotto en 9 de Julio y tambi\u00e9n mostr\u00f3 un buen nivel con Rafaela<\/p>\n","protected":false},"author":2,"featured_media":18960,"comment_status":"open","ping_status":"open","sticky":false,"template":"","format":"standard","meta":{"footnotes":""},"categories":[5,24],"tags":[],"class_list":["post-18958","post","type-post","status-publish","format-standard","has-post-thumbnail","hentry","category-basquet","category-noticias-destacadas"],"cc_featured_image_caption":{"caption_text":"","source_text":"","source_url":""},"_links":{"self":[{"href":"https:\/\/todoapulmon-rafaela.com\/index.php\/wp-json\/wp\/v2\/posts\/18958"}],"collection":[{"href":"https:\/\/todoapulmon-rafaela.com\/index.php\/wp-json\/wp\/v2\/posts"}],"about":[{"href":"https:\/\/todoapulmon-rafaela.com\/index.php\/wp-json\/wp\/v2\/types\/post"}],"author":[{"embeddable":true,"href":"https:\/\/todoapulmon-rafaela.com\/index.php\/wp-json\/wp\/v2\/users\/2"}],"replies":[{"embeddable":true,"href":"https:\/\/todoapulmon-rafaela.com\/index.php\/wp-json\/wp\/v2\/comments?post=18958"}],"version-history":[{"count":2,"href":"https:\/\/todoapulmon-rafaela.com\/index.php\/wp-json\/wp\/v2\/posts\/18958\/revisions"}],"predecessor-version":[{"id":18961,"href":"https:\/\/todoapulmon-rafaela.com\/index.php\/wp-json\/wp\/v2\/posts\/18958\/revisions\/18961"}],"wp:featuredmedia":[{"embeddable":true,"href":"https:\/\/todoapulmon-rafaela.com\/index.php\/wp-json\/wp\/v2\/media\/18960"}],"wp:attachment":[{"href":"https:\/\/todoapulmon-rafaela.com\/index.php\/wp-json\/wp\/v2\/media?parent=18958"}],"wp:term":[{"taxonomy":"category","embeddable":true,"href":"https:\/\/todoapulmon-rafaela.com\/index.php\/wp-json\/wp\/v2\/categories?post=18958"},{"taxonomy":"post_tag","embeddable":true,"href":"https:\/\/todoapulmon-rafaela.com\/index.php\/wp-json\/wp\/v2\/tags?post=18958"}],"curies":[{"name":"wp","href":"https:\/\/api.w.org\/{rel}","templated":true}]}}