{"id":18919,"date":"2019-09-08T19:26:59","date_gmt":"2019-09-08T19:26:59","guid":{"rendered":"http:\/\/todoapulmon-rafaela.com\/?p=18919"},"modified":"2019-09-08T19:26:59","modified_gmt":"2019-09-08T19:26:59","slug":"sensaciones-muy-positivas-para-bainotti-y-peretti-en-el-mundial","status":"publish","type":"post","link":"https:\/\/todoapulmon-rafaela.com\/index.php\/2019\/09\/08\/sensaciones-muy-positivas-para-bainotti-y-peretti-en-el-mundial\/","title":{"rendered":"Sensaciones muy positivas para Bainotti y Peretti en el Mundial"},"content":{"rendered":"<p>Este domingo se realiz\u00f3 la prueba masculina del Mundial 70.3 de triatl\u00f3n en Niza, Francia, con la participaci\u00f3n de los rafaelinos Sergio Peretti y Pablo Bainotti, quienes tuvieron una destacada performance en el m\u00e1ximo nivel de la modalidad, que convoc\u00f3 a alrededor de 6.000 protagonistas, casi 4.000 varones y 2.000 mujeres. Recordemos que los protagonistas atravesaron los respectivos procesos clasificatorios en cada continente.<\/p>\n<p>Bainotti, quien estuvo previamente entrenando dos meses en Espa\u00f1a, registr\u00f3 un tiempo de 4h44m13s ubic\u00e1ndose en el puesto 98 de la categor\u00eda de 25 a 29 a\u00f1os entre 273 inscriptos en la misma, mientras que en la clasificaci\u00f3n general qued\u00f3 420 de 3.262.<\/p>\n<p>En tanto, Peretti tuvo un tiempo de 5h18m34s para ubicarse en el puesto 40 de la categor\u00eda de 55 a 59 a\u00f1os que tuvo 214 inscriptos, mientras que en la clasificaci\u00f3n general qued\u00f3 ubicado 1821 de 3262.<\/p>\n<p>En las primeras impresiones tras la competencia, Bainotti manifest\u00f3 que \u00abestoy s\u00faper contento con mi carrera y mis tiempos. El vencedor de mi categor\u00eda gan\u00f3 la general amateur, lo cual quiere decir que fue la m\u00e1s competitiva, y por mi parte estar dentro de los mejores 100 en la categor\u00eda y dentro de los 500 del mundo me deja muy feliz\u00bb.<\/p>\n<p>En tanto, Peretti destac\u00f3 que \u00abestoy muy contento, sali\u00f3 un buen tiempo, otra vez soy el mejor sudamericano de la categor\u00eda. Fue un Mundial buen\u00edsimo, espectacular, con much\u00edsimo mas nivel que el a\u00f1o pasado en cuanto a tiempos, figuras, corrimos con ciclistas de gran trayectoria. Muy contento con el puesto y emocionado por todo lo que implica estar en un Mundial\u00bb.<\/p>\n<p>Recordemos que el s\u00e1bado Susana Hauswirth, en la prueba femenina, complet\u00f3 los 1,9 kil\u00f3metros de nataci\u00f3n; 90 kil\u00f3metros de ciclismo y 21 de pedestrismo en 6h17m33s. Con el mencionado registro se ubic\u00f3 en el puesto 80 de la categor\u00eda de 50 a 54 a\u00f1os, sobre 192 participantes; y en el 1.107 de la general femenina sobre 1778 inscriptas.<\/p>\n<p>UN NORUEGO CAMPEON<\/p>\n<p>El noruego\u00a0<b>Gustav Iden\u00a0<\/b>es el nuevo<b>\u00a0campe\u00f3n del Mundo de Ironman 70.3<\/b>. El triatleta de 23 a\u00f1os logr\u00f3 una sorprendente victoria en\u00a0<b>Niza\u00a0<\/b>con un tiempo de 3:52:13 superando a\u00a0<b>Alistair Brownlee y Rudy Von Berg<\/b>.\u00a0<b>Javier G\u00f3mez Noya<\/b>, que llegaba como uno de los grandes favoritos, acab\u00f3 en s\u00e9ptimo lugar, a 8:55\u2019.<\/p>\n<p>Cabe destacar que, con la temperatura del agua a 26\u00ba, la nataci\u00f3n se realiz\u00f3 sin neopreno.<\/p>\n","protected":false},"excerpt":{"rendered":"<p>Este domingo se realiz\u00f3 la prueba masculina del Mundial 70.3 de triatl\u00f3n en Niza, Francia, con la participaci\u00f3n de los<\/p>\n","protected":false},"author":2,"featured_media":18920,"comment_status":"open","ping_status":"open","sticky":false,"template":"","format":"standard","meta":{"footnotes":""},"categories":[24,28],"tags":[],"class_list":["post-18919","post","type-post","status-publish","format-standard","has-post-thumbnail","hentry","category-noticias-destacadas","category-triatlon"],"cc_featured_image_caption":{"caption_text":"Pablo Bainotti y Sergio Peretti se mostraron muy satisfechos con su performance.","source_text":"","source_url":""},"_links":{"self":[{"href":"https:\/\/todoapulmon-rafaela.com\/index.php\/wp-json\/wp\/v2\/posts\/18919"}],"collection":[{"href":"https:\/\/todoapulmon-rafaela.com\/index.php\/wp-json\/wp\/v2\/posts"}],"about":[{"href":"https:\/\/todoapulmon-rafaela.com\/index.php\/wp-json\/wp\/v2\/types\/post"}],"author":[{"embeddable":true,"href":"https:\/\/todoapulmon-rafaela.com\/index.php\/wp-json\/wp\/v2\/users\/2"}],"replies":[{"embeddable":true,"href":"https:\/\/todoapulmon-rafaela.com\/index.php\/wp-json\/wp\/v2\/comments?post=18919"}],"version-history":[{"count":1,"href":"https:\/\/todoapulmon-rafaela.com\/index.php\/wp-json\/wp\/v2\/posts\/18919\/revisions"}],"predecessor-version":[{"id":18921,"href":"https:\/\/todoapulmon-rafaela.com\/index.php\/wp-json\/wp\/v2\/posts\/18919\/revisions\/18921"}],"wp:featuredmedia":[{"embeddable":true,"href":"https:\/\/todoapulmon-rafaela.com\/index.php\/wp-json\/wp\/v2\/media\/18920"}],"wp:attachment":[{"href":"https:\/\/todoapulmon-rafaela.com\/index.php\/wp-json\/wp\/v2\/media?parent=18919"}],"wp:term":[{"taxonomy":"category","embeddable":true,"href":"https:\/\/todoapulmon-rafaela.com\/index.php\/wp-json\/wp\/v2\/categories?post=18919"},{"taxonomy":"post_tag","embeddable":true,"href":"https:\/\/todoapulmon-rafaela.com\/index.php\/wp-json\/wp\/v2\/tags?post=18919"}],"curies":[{"name":"wp","href":"https:\/\/api.w.org\/{rel}","templated":true}]}}