{"id":18859,"date":"2019-09-04T02:38:13","date_gmt":"2019-09-04T02:38:13","guid":{"rendered":"http:\/\/todoapulmon-rafaela.com\/?p=18859"},"modified":"2019-09-04T02:38:13","modified_gmt":"2019-09-04T02:38:13","slug":"cuatro-atletas-de-cras-clasificadas-a-los-evita","status":"publish","type":"post","link":"https:\/\/todoapulmon-rafaela.com\/index.php\/2019\/09\/04\/cuatro-atletas-de-cras-clasificadas-a-los-evita\/","title":{"rendered":"Cuatro atletas de CRAS clasificadas a los Evita"},"content":{"rendered":"<div dir=\"auto\">Este lunes y martes tuvieron desarrollo en Santa Fe las finales provinciales de Santa Fe Juega en atletismo, en cuanto a la categor\u00eda Sub 14. La actividad en la pista del CARD de la capital provincial fue masiva y con muchos protagonistas de nuestra ciudad y la regi\u00f3n.<\/div>\n<div dir=\"auto\">El CRAS tuvo la satisfacci\u00f3n de clasificar a cuatro representantes para los Juegos Nacionales Evita que tendr\u00e1n lugar en Mar del Plata, dentro de una actuaci\u00f3n muy meritoria de la delegaci\u00f3n a cargo del profesor Leandro Bonamino.<\/div>\n<div dir=\"auto\">Este es el detalle de las participaciones:<\/div>\n<div dir=\"auto\"><\/div>\n<div dir=\"auto\"><strong>Camila Rodr\u00edguez<\/strong> *Clasificada al Evita<\/div>\n<div dir=\"auto\">-1\u00b0 Puesto en 80m llanos, Medalla de Oro (Campeona Provincial)<\/div>\n<div dir=\"auto\">-1\u00b0 Puesto y Medalla de Oro en Posta 5x80m llanos<\/div>\n<div dir=\"auto\"><\/div>\n<div dir=\"auto\"><strong>Valentina Garc\u00eda<\/strong> *Clasificada al Evita<\/div>\n<div dir=\"auto\">-1\u00b0 Puesto en 80m cv , Medalla de Oro (Campeona Provincial)<\/div>\n<div dir=\"auto\">-1\u00b0 Puesto y Medalla de Oro en Posta 5x80m<\/div>\n<div dir=\"auto\"><\/div>\n<div dir=\"auto\"><strong>Mar\u00eda Paz Scarafia<\/strong> *Clasificada al Evita<\/div>\n<div dir=\"auto\">-2\u00b0 Puesto y Medalla de Plata en Lanz.de Martillo. Subcampeona Provincial<\/div>\n<div dir=\"auto\">-3\u00b0 Puesto y Medalla de Bronce en Lanz.de Disco.<\/div>\n<div dir=\"auto\"><\/div>\n<div dir=\"auto\"><strong>Angelina Zanatta<\/strong> *Clasificada al Evita<\/div>\n<div dir=\"auto\">-1\u00b0 Puesto y Medalla de Oro (Campeona Provincial) en 3000m Marcha &#8211; PB Oficial.<\/div>\n<div dir=\"auto\"><\/div>\n<div dir=\"auto\">Selene Toledo<\/div>\n<div dir=\"auto\">2\u00b0 Puesto y Medalla de Plata en 2000m. (Subcampeona Provincial)<\/div>\n<div dir=\"auto\">-4\u00b0 Puesto en 800m ll.<\/div>\n<div dir=\"auto\"><\/div>\n<div dir=\"auto\">Virginia Oggero<\/div>\n<div dir=\"auto\">-Excelente competencia en Pentatl\u00f3n<\/div>\n<div dir=\"auto\"><\/div>\n<div dir=\"auto\">Antonela Toledo<\/div>\n<div dir=\"auto\">-Excelente competencia en Pentatl\u00f3n<\/div>\n<div dir=\"auto\"><\/div>\n<div dir=\"auto\">Valentina Okon<\/div>\n<div dir=\"auto\">-Excelente competencia en 80m lo y Salto en Alto.<\/div>\n<div dir=\"auto\"><\/div>\n<div dir=\"auto\">Enrique Boidi<\/div>\n<div dir=\"auto\">-4\u00b0 Puesto y PB Oficial en Lanz.de Disco.<\/div>\n<div dir=\"auto\"><\/div>\n<div dir=\"auto\">Santiago Clemenz<\/div>\n<div dir=\"auto\">-6\u00b0 Puesto en Lanz. de Bala.<\/div>\n<div dir=\"auto\">-4\u00b0 Puesto en Posta 5x80m.<\/div>\n<div dir=\"auto\"><img loading=\"lazy\" decoding=\"async\" class=\"alignnone size-medium wp-image-18861\" src=\"http:\/\/todoapulmon-rafaela.com\/wp-content\/uploads\/2019\/09\/Cras-sub-14-stafe1-300x300.jpg\" alt=\"Cras sub 14-stafe1\" width=\"300\" height=\"300\" srcset=\"https:\/\/todoapulmon-rafaela.com\/wp-content\/uploads\/2019\/09\/Cras-sub-14-stafe1-300x300.jpg 300w, https:\/\/todoapulmon-rafaela.com\/wp-content\/uploads\/2019\/09\/Cras-sub-14-stafe1-150x150.jpg 150w, https:\/\/todoapulmon-rafaela.com\/wp-content\/uploads\/2019\/09\/Cras-sub-14-stafe1.jpg 960w\" sizes=\"(max-width: 300px) 100vw, 300px\" \/><\/div>\n","protected":false},"excerpt":{"rendered":"<p>Este lunes y martes tuvieron desarrollo en Santa Fe las finales provinciales de Santa Fe Juega en atletismo, en cuanto<\/p>\n","protected":false},"author":2,"featured_media":18860,"comment_status":"open","ping_status":"open","sticky":false,"template":"","format":"standard","meta":{"footnotes":""},"categories":[7,24],"tags":[],"class_list":["post-18859","post","type-post","status-publish","format-standard","has-post-thumbnail","hentry","category-atletismo","category-noticias-destacadas"],"cc_featured_image_caption":{"caption_text":"","source_text":"","source_url":""},"_links":{"self":[{"href":"https:\/\/todoapulmon-rafaela.com\/index.php\/wp-json\/wp\/v2\/posts\/18859"}],"collection":[{"href":"https:\/\/todoapulmon-rafaela.com\/index.php\/wp-json\/wp\/v2\/posts"}],"about":[{"href":"https:\/\/todoapulmon-rafaela.com\/index.php\/wp-json\/wp\/v2\/types\/post"}],"author":[{"embeddable":true,"href":"https:\/\/todoapulmon-rafaela.com\/index.php\/wp-json\/wp\/v2\/users\/2"}],"replies":[{"embeddable":true,"href":"https:\/\/todoapulmon-rafaela.com\/index.php\/wp-json\/wp\/v2\/comments?post=18859"}],"version-history":[{"count":1,"href":"https:\/\/todoapulmon-rafaela.com\/index.php\/wp-json\/wp\/v2\/posts\/18859\/revisions"}],"predecessor-version":[{"id":18862,"href":"https:\/\/todoapulmon-rafaela.com\/index.php\/wp-json\/wp\/v2\/posts\/18859\/revisions\/18862"}],"wp:featuredmedia":[{"embeddable":true,"href":"https:\/\/todoapulmon-rafaela.com\/index.php\/wp-json\/wp\/v2\/media\/18860"}],"wp:attachment":[{"href":"https:\/\/todoapulmon-rafaela.com\/index.php\/wp-json\/wp\/v2\/media?parent=18859"}],"wp:term":[{"taxonomy":"category","embeddable":true,"href":"https:\/\/todoapulmon-rafaela.com\/index.php\/wp-json\/wp\/v2\/categories?post=18859"},{"taxonomy":"post_tag","embeddable":true,"href":"https:\/\/todoapulmon-rafaela.com\/index.php\/wp-json\/wp\/v2\/tags?post=18859"}],"curies":[{"name":"wp","href":"https:\/\/api.w.org\/{rel}","templated":true}]}}