{"id":18788,"date":"2019-08-30T23:22:07","date_gmt":"2019-08-30T23:22:07","guid":{"rendered":"http:\/\/todoapulmon-rafaela.com\/?p=18788"},"modified":"2019-08-30T23:22:07","modified_gmt":"2019-08-30T23:22:07","slug":"mas-de-mil-atletas-estaran-compitiendo-en-los-21k","status":"publish","type":"post","link":"https:\/\/todoapulmon-rafaela.com\/index.php\/2019\/08\/30\/mas-de-mil-atletas-estaran-compitiendo-en-los-21k\/","title":{"rendered":"M\u00e1s de mil atletas estar\u00e1n compitiendo en los 21k"},"content":{"rendered":"<div>La Media Marat\u00f3n 21K \u00abCiudad de Rafaela\u00bb, organizada para la Municipalidad, se correr\u00e1 el domingo 1\u00ba de septiembre en honor al profesor Daniel \u00abTecla\u00bb Far\u00edas.<\/div>\n<div>Las inscripciones cerraron con una cifra r\u00e9cord, de acuerdo a lo informado por el municipio. El evento deportivo contar\u00e1 con la presencia de m\u00e1s de mil atletas que llegar\u00e1n de distintos puntos del pa\u00eds a competir por las calles rafaelinas en las categor\u00edas de 10 y 21 kil\u00f3metros, en busca de superar su desaf\u00edo personal.<\/div>\n<div>Cabe destacar que, adem\u00e1s, estar\u00e1 la modalidad recreativa de 5K con el objetivo que toda la familia se sume a la cita, que largar\u00e1 oficialmente frente al Palacio Municipal a las 9.<\/p>\n<p><b>Entrega de kits<\/b><\/div>\n<div>Para los atletas rafaelinos que correr\u00e1n de manera competitiva los 10K y 21K, los kits deber\u00e1n retirarse el s\u00e1bado 31, d\u00eda previo a la carrera, de 9 a 18, en el hall de ingreso de Moreno 8. En el caso de los visitantes, lo har\u00e1n en el mismo lugar el d\u00eda de la competencia, a partir de las 7.<\/div>\n<div>Cada deportista recibir\u00e1 una remera deportiva, su dorsal, la bolsa ecol\u00f3gica, folleter\u00eda institucional, el recorrido del circuito, el reglamento, seguro e hidrataci\u00f3n completa.<br \/>\nDurante la acreditaci\u00f3n ser\u00e1 obligatorio, para confirmar su lugar en la l\u00ednea de largada, la presentaci\u00f3n del DNI, el deslinde, el certificado de aptitud f\u00edsica y el comprobante de pago.<\/div>\n<div><\/div>\n<div><strong>Ganador distinto<\/strong><\/div>\n<div>La edici\u00f3n 2019 de los 21k rafaelinos tendr\u00e1 un ganador diferente, ya que Nicol\u00e1s Ternavasio se encuentra en Europa actualmente. El sanvicentino, que se ha impuesto en seis ediciones, estar\u00e1 tomando parte del Mundial de Ultramarat\u00f3n en Rumania.<\/div>\n","protected":false},"excerpt":{"rendered":"<p>La Media Marat\u00f3n 21K \u00abCiudad de Rafaela\u00bb, organizada para la Municipalidad, se correr\u00e1 el domingo 1\u00ba de septiembre en honor<\/p>\n","protected":false},"author":2,"featured_media":18789,"comment_status":"open","ping_status":"open","sticky":false,"template":"","format":"standard","meta":{"footnotes":""},"categories":[7,24],"tags":[],"class_list":["post-18788","post","type-post","status-publish","format-standard","has-post-thumbnail","hentry","category-atletismo","category-noticias-destacadas"],"cc_featured_image_caption":{"caption_text":"","source_text":"","source_url":""},"_links":{"self":[{"href":"https:\/\/todoapulmon-rafaela.com\/index.php\/wp-json\/wp\/v2\/posts\/18788"}],"collection":[{"href":"https:\/\/todoapulmon-rafaela.com\/index.php\/wp-json\/wp\/v2\/posts"}],"about":[{"href":"https:\/\/todoapulmon-rafaela.com\/index.php\/wp-json\/wp\/v2\/types\/post"}],"author":[{"embeddable":true,"href":"https:\/\/todoapulmon-rafaela.com\/index.php\/wp-json\/wp\/v2\/users\/2"}],"replies":[{"embeddable":true,"href":"https:\/\/todoapulmon-rafaela.com\/index.php\/wp-json\/wp\/v2\/comments?post=18788"}],"version-history":[{"count":1,"href":"https:\/\/todoapulmon-rafaela.com\/index.php\/wp-json\/wp\/v2\/posts\/18788\/revisions"}],"predecessor-version":[{"id":18790,"href":"https:\/\/todoapulmon-rafaela.com\/index.php\/wp-json\/wp\/v2\/posts\/18788\/revisions\/18790"}],"wp:featuredmedia":[{"embeddable":true,"href":"https:\/\/todoapulmon-rafaela.com\/index.php\/wp-json\/wp\/v2\/media\/18789"}],"wp:attachment":[{"href":"https:\/\/todoapulmon-rafaela.com\/index.php\/wp-json\/wp\/v2\/media?parent=18788"}],"wp:term":[{"taxonomy":"category","embeddable":true,"href":"https:\/\/todoapulmon-rafaela.com\/index.php\/wp-json\/wp\/v2\/categories?post=18788"},{"taxonomy":"post_tag","embeddable":true,"href":"https:\/\/todoapulmon-rafaela.com\/index.php\/wp-json\/wp\/v2\/tags?post=18788"}],"curies":[{"name":"wp","href":"https:\/\/api.w.org\/{rel}","templated":true}]}}