{"id":18779,"date":"2019-08-30T14:52:50","date_gmt":"2019-08-30T14:52:50","guid":{"rendered":"http:\/\/todoapulmon-rafaela.com\/?p=18779"},"modified":"2019-08-30T14:52:50","modified_gmt":"2019-08-30T14:52:50","slug":"charo-cordero-y-abril-beltramino-al-argentino-sub-18","status":"publish","type":"post","link":"https:\/\/todoapulmon-rafaela.com\/index.php\/2019\/08\/30\/charo-cordero-y-abril-beltramino-al-argentino-sub-18\/","title":{"rendered":"Charo Cordero y Abril Beltramino al Argentino Sub 18"},"content":{"rendered":"<div>La Asociaci\u00f3n Santafesina de Hockey inform\u00f3 la lista definitiva del seleccionado Sub 18 damas que intervendr\u00e1 en el Campeonato Argentino de selecciones de Ascenso A, que se disputar\u00e1 en Salta del 19 al 22 de septiembre. Ser\u00e1n parte del mismo las jugadoras de CRAR, Mar\u00eda del Rosario Cordero (arquera) y Abril Beltramino (delantera).<\/div>\n<div>Cabe mencionar que estuvo siendo parte del plantel hasta el corte final Emilia Costamagna, recordando que tambi\u00e9n Alina Costamagna fue incluida en la lista inicial de 33 jugadoras confeccionada por el entrenador Franco Porta, aunque luego por motivos personales decidi\u00f3 renunciar.<\/div>\n<div>\n<p>LAS 20 DESIGNADAS<\/p>\n<\/div>\n<div>Abril Beltramino \u2013 CRAR<\/div>\n<div>Mercedes Bertoldi \u2013 CRAI<\/div>\n<div>Noelia Bigliani \u2013 SFRC<\/div>\n<div>Ma. Del Rosario Cordero \u2013 CRAR<\/div>\n<div>Sof\u00eda Fern\u00e1ndez \u2013 El Quill\u00e1<\/div>\n<div>Sara Ferreyra \u2013 Banco<\/div>\n<div>Agostina Forni \u2013 El Quill\u00e1<\/div>\n<div>Cielo Gallo \u2013 Universitario<\/div>\n<div>Delfina Gamboa \u2013 CRAI<\/div>\n<div>Brisa Marinelli \u2013 Banco<\/div>\n<div>Carla Miraglio \u2013 El Quill\u00e1<\/div>\n<div>Jazm\u00edn Neville \u2013 El Quill\u00e1<\/div>\n<div>Josefina Orellano \u2013 SFRC<\/div>\n<div>Candela Petruzzo \u2013 Banco<\/div>\n<div>Emma Ponzo \u2013 El Quill\u00e1<\/div>\n<div>Paulina Ponzo \u2013 El Quill\u00e1<\/div>\n<div>Martina Pujato \u2013 CRAI<\/div>\n<div>Abril Rosatti \u2013 Atl\u00e9tico Franck<\/div>\n<div>Florencia Ru\u00edz \u2013 Banco<\/div>\n<div>Martina Spuler \u2013 SFRC.<\/div>\n","protected":false},"excerpt":{"rendered":"<p>La Asociaci\u00f3n Santafesina de Hockey inform\u00f3 la lista definitiva del seleccionado Sub 18 damas que intervendr\u00e1 en el Campeonato Argentino<\/p>\n","protected":false},"author":2,"featured_media":18780,"comment_status":"open","ping_status":"open","sticky":false,"template":"","format":"standard","meta":{"footnotes":""},"categories":[3,24],"tags":[],"class_list":["post-18779","post","type-post","status-publish","format-standard","has-post-thumbnail","hentry","category-hockey","category-noticias-destacadas"],"cc_featured_image_caption":{"caption_text":"","source_text":"","source_url":""},"_links":{"self":[{"href":"https:\/\/todoapulmon-rafaela.com\/index.php\/wp-json\/wp\/v2\/posts\/18779"}],"collection":[{"href":"https:\/\/todoapulmon-rafaela.com\/index.php\/wp-json\/wp\/v2\/posts"}],"about":[{"href":"https:\/\/todoapulmon-rafaela.com\/index.php\/wp-json\/wp\/v2\/types\/post"}],"author":[{"embeddable":true,"href":"https:\/\/todoapulmon-rafaela.com\/index.php\/wp-json\/wp\/v2\/users\/2"}],"replies":[{"embeddable":true,"href":"https:\/\/todoapulmon-rafaela.com\/index.php\/wp-json\/wp\/v2\/comments?post=18779"}],"version-history":[{"count":1,"href":"https:\/\/todoapulmon-rafaela.com\/index.php\/wp-json\/wp\/v2\/posts\/18779\/revisions"}],"predecessor-version":[{"id":18781,"href":"https:\/\/todoapulmon-rafaela.com\/index.php\/wp-json\/wp\/v2\/posts\/18779\/revisions\/18781"}],"wp:featuredmedia":[{"embeddable":true,"href":"https:\/\/todoapulmon-rafaela.com\/index.php\/wp-json\/wp\/v2\/media\/18780"}],"wp:attachment":[{"href":"https:\/\/todoapulmon-rafaela.com\/index.php\/wp-json\/wp\/v2\/media?parent=18779"}],"wp:term":[{"taxonomy":"category","embeddable":true,"href":"https:\/\/todoapulmon-rafaela.com\/index.php\/wp-json\/wp\/v2\/categories?post=18779"},{"taxonomy":"post_tag","embeddable":true,"href":"https:\/\/todoapulmon-rafaela.com\/index.php\/wp-json\/wp\/v2\/tags?post=18779"}],"curies":[{"name":"wp","href":"https:\/\/api.w.org\/{rel}","templated":true}]}}