{"id":18777,"date":"2019-08-30T16:30:34","date_gmt":"2019-08-30T16:30:34","guid":{"rendered":"http:\/\/todoapulmon-rafaela.com\/?p=18777"},"modified":"2019-08-30T16:31:09","modified_gmt":"2019-08-30T16:31:09","slug":"farid-suarez-viaja-el-lunes-al-panamericano-en-bolivia","status":"publish","type":"post","link":"https:\/\/todoapulmon-rafaela.com\/index.php\/2019\/08\/30\/farid-suarez-viaja-el-lunes-al-panamericano-en-bolivia\/","title":{"rendered":"Farid Su\u00e1rez viaja el lunes al Panamericano en Bolivia"},"content":{"rendered":"<p>Cochabamba ser\u00e1 sede del Campeonato Panamericano de Ciclismo \u00c9lite, del 4 al 9 de septiembre. El equipo argentino viajar\u00e1 este lunes hacia la ciudad boliviana. Integrando la delegaci\u00f3n nacional estar\u00e1 el rafaelino Farid Su\u00e1rez, que ya tuviera la posibilidad de competir en el moderno vel\u00f3dromo el a\u00f1o pasado en los Juegos Odesur. El evento\u00a0 es puntuable para los Juegos Ol\u00edmpicos de Tokio 2020 y el Mundial de Berl\u00edn 2020.<\/p>\n<p>La selecci\u00f3n se encuentra concentrada en el CENARD a las \u00f3rdenes del entrenador Walter P\u00e9rez, realizando los \u00faltimos entrenamientos preparatorios.<\/p>\n<p>Farid, doble campe\u00f3n argentino de velocidad y representante del Club Ciclista de Rafaela, se encuentra con muy buenas expectativas ante este nuevo desaf\u00edo internacional.<\/p>\n<p>El vel\u00f3dromo de Cochabamba es considerado como uno de los mejores de Sudam\u00e9rica. Es una moderna infraestructura deportiva cubierta en su totalidad, que alberga a las disciplinas de ciclismo de pista y patinaje art\u00edstico. La pista tiene una longitud de 250 metros de largo, cuenta con techo libre de pilares en el \u00e1rea de competencia, el material de la pista es de madera kerto importada de Finlandia. Se presenta como uno de los m\u00e1s importantes, seguros y veloces de la regi\u00f3n americana; dotado con boxes, rampas de acceso para bicicletas, salida de emergencia, vestidores, ba\u00f1os, duchas, \u00e1rea de calentamiento, sala de prensa, oficinas administrativas, salas de reuniones, dep\u00f3sitos y tribuna para 900 personas.<\/p>\n<p>Adem\u00e1s, cuenta con palco presidencial, cabinas de transmisi\u00f3n y sistema de cronometraje electr\u00f3nico homologado por la UCI. La parte central de la zona de calentamiento se encuentra adaptada para la pr\u00e1ctica de patinaje art\u00edstico. Es un \u00e1rea de competencia reglamentaria, con un piso r\u00edgido de cemento pintado en la superficie con pintura ep\u00f3xica.<\/p>\n","protected":false},"excerpt":{"rendered":"<p>Cochabamba ser\u00e1 sede del Campeonato Panamericano de Ciclismo \u00c9lite, del 4 al 9 de septiembre. El equipo argentino viajar\u00e1 este<\/p>\n","protected":false},"author":2,"featured_media":18782,"comment_status":"open","ping_status":"open","sticky":false,"template":"","format":"standard","meta":{"footnotes":""},"categories":[4,24],"tags":[],"class_list":["post-18777","post","type-post","status-publish","format-standard","has-post-thumbnail","hentry","category-ciclismo","category-noticias-destacadas"],"cc_featured_image_caption":{"caption_text":"","source_text":"","source_url":""},"_links":{"self":[{"href":"https:\/\/todoapulmon-rafaela.com\/index.php\/wp-json\/wp\/v2\/posts\/18777"}],"collection":[{"href":"https:\/\/todoapulmon-rafaela.com\/index.php\/wp-json\/wp\/v2\/posts"}],"about":[{"href":"https:\/\/todoapulmon-rafaela.com\/index.php\/wp-json\/wp\/v2\/types\/post"}],"author":[{"embeddable":true,"href":"https:\/\/todoapulmon-rafaela.com\/index.php\/wp-json\/wp\/v2\/users\/2"}],"replies":[{"embeddable":true,"href":"https:\/\/todoapulmon-rafaela.com\/index.php\/wp-json\/wp\/v2\/comments?post=18777"}],"version-history":[{"count":3,"href":"https:\/\/todoapulmon-rafaela.com\/index.php\/wp-json\/wp\/v2\/posts\/18777\/revisions"}],"predecessor-version":[{"id":18784,"href":"https:\/\/todoapulmon-rafaela.com\/index.php\/wp-json\/wp\/v2\/posts\/18777\/revisions\/18784"}],"wp:featuredmedia":[{"embeddable":true,"href":"https:\/\/todoapulmon-rafaela.com\/index.php\/wp-json\/wp\/v2\/media\/18782"}],"wp:attachment":[{"href":"https:\/\/todoapulmon-rafaela.com\/index.php\/wp-json\/wp\/v2\/media?parent=18777"}],"wp:term":[{"taxonomy":"category","embeddable":true,"href":"https:\/\/todoapulmon-rafaela.com\/index.php\/wp-json\/wp\/v2\/categories?post=18777"},{"taxonomy":"post_tag","embeddable":true,"href":"https:\/\/todoapulmon-rafaela.com\/index.php\/wp-json\/wp\/v2\/tags?post=18777"}],"curies":[{"name":"wp","href":"https:\/\/api.w.org\/{rel}","templated":true}]}}