{"id":18766,"date":"2019-08-29T16:23:09","date_gmt":"2019-08-29T16:23:09","guid":{"rendered":"http:\/\/todoapulmon-rafaela.com\/?p=18766"},"modified":"2019-08-29T16:23:09","modified_gmt":"2019-08-29T16:23:09","slug":"atletas-del-cras-a-los-juegos-de-la-region-centro","status":"publish","type":"post","link":"https:\/\/todoapulmon-rafaela.com\/index.php\/2019\/08\/29\/atletas-del-cras-a-los-juegos-de-la-region-centro\/","title":{"rendered":"Atletas del CRAS a los Juegos de la Regi\u00f3n Centro"},"content":{"rendered":"<div dir=\"auto\">Un grupo de atletas del Club Rafaelino de Atletismo y Servicios (CRAS) estar\u00e1 participando el venidero fin de semana en Rosario de los Juegos de la Regi\u00f3n Centro, que en varias disciplinas convocar\u00e1 a delegaciones de las provincias de Santa Fe, C\u00f3rdoba y Entre R\u00edos, adem\u00e1s del pa\u00eds vecino de Uruguay.<\/div>\n<div dir=\"auto\">Este es el detalle de los convocados:<\/div>\n<div dir=\"auto\">Grupo Leandro Bonamino:<\/div>\n<div dir=\"auto\">*Naiara Vega:\u00a0Lanzamiento de Bala. Lanzamiento de Disco<\/div>\n<div dir=\"auto\">*Abril Okon:\u00a080m con vallas y salto en alto.<\/div>\n<div dir=\"auto\">*Mateo M\u00e9ndez:\u00a0Lanzamiento de Bala.\u00a0Lanzamiento de Martillo.<\/div>\n<div dir=\"auto\">*Augusto Virgolini: Salto en Alto.<\/div>\n<div dir=\"auto\"><\/div>\n<div dir=\"auto\">Grupo Ariel Magallanes<\/div>\n<div dir=\"auto\">*Federica Bogado:\u00a0Lanzamiento de Martillo.\u00a0Salto en Largo.<\/div>\n<div dir=\"auto\">El profesor Leandro Bonamino estar\u00e1 a cargo del equipo de Santa Fe, correspondiente a la categor\u00eda U16.<\/div>\n<div dir=\"auto\">Cabe recordar que tambi\u00e9n estar\u00e1 compitiendo de nuestra ciudad en atletismo Tom\u00e1s Mondino (80 y 200 metros llanos).<\/div>\n","protected":false},"excerpt":{"rendered":"<p>Un grupo de atletas del Club Rafaelino de Atletismo y Servicios (CRAS) estar\u00e1 participando el venidero fin de semana en<\/p>\n","protected":false},"author":2,"featured_media":18767,"comment_status":"open","ping_status":"open","sticky":false,"template":"","format":"standard","meta":{"footnotes":""},"categories":[7,24],"tags":[],"class_list":["post-18766","post","type-post","status-publish","format-standard","has-post-thumbnail","hentry","category-atletismo","category-noticias-destacadas"],"cc_featured_image_caption":{"caption_text":"Mateo M\u00e9ndez participar\u00e1 en dos pruebas.","source_text":"","source_url":""},"_links":{"self":[{"href":"https:\/\/todoapulmon-rafaela.com\/index.php\/wp-json\/wp\/v2\/posts\/18766"}],"collection":[{"href":"https:\/\/todoapulmon-rafaela.com\/index.php\/wp-json\/wp\/v2\/posts"}],"about":[{"href":"https:\/\/todoapulmon-rafaela.com\/index.php\/wp-json\/wp\/v2\/types\/post"}],"author":[{"embeddable":true,"href":"https:\/\/todoapulmon-rafaela.com\/index.php\/wp-json\/wp\/v2\/users\/2"}],"replies":[{"embeddable":true,"href":"https:\/\/todoapulmon-rafaela.com\/index.php\/wp-json\/wp\/v2\/comments?post=18766"}],"version-history":[{"count":1,"href":"https:\/\/todoapulmon-rafaela.com\/index.php\/wp-json\/wp\/v2\/posts\/18766\/revisions"}],"predecessor-version":[{"id":18768,"href":"https:\/\/todoapulmon-rafaela.com\/index.php\/wp-json\/wp\/v2\/posts\/18766\/revisions\/18768"}],"wp:featuredmedia":[{"embeddable":true,"href":"https:\/\/todoapulmon-rafaela.com\/index.php\/wp-json\/wp\/v2\/media\/18767"}],"wp:attachment":[{"href":"https:\/\/todoapulmon-rafaela.com\/index.php\/wp-json\/wp\/v2\/media?parent=18766"}],"wp:term":[{"taxonomy":"category","embeddable":true,"href":"https:\/\/todoapulmon-rafaela.com\/index.php\/wp-json\/wp\/v2\/categories?post=18766"},{"taxonomy":"post_tag","embeddable":true,"href":"https:\/\/todoapulmon-rafaela.com\/index.php\/wp-json\/wp\/v2\/tags?post=18766"}],"curies":[{"name":"wp","href":"https:\/\/api.w.org\/{rel}","templated":true}]}}