{"id":18763,"date":"2019-08-28T21:12:43","date_gmt":"2019-08-28T21:12:43","guid":{"rendered":"http:\/\/todoapulmon-rafaela.com\/?p=18763"},"modified":"2019-08-28T21:12:43","modified_gmt":"2019-08-28T21:12:43","slug":"dos-jugadoras-de-ben-hur-en-los-juegos-del-centro","status":"publish","type":"post","link":"https:\/\/todoapulmon-rafaela.com\/index.php\/2019\/08\/28\/dos-jugadoras-de-ben-hur-en-los-juegos-del-centro\/","title":{"rendered":"Dos jugadoras de Ben Hur en los Juegos del Centro"},"content":{"rendered":"<p>El venidero fin de semana se desarrollar\u00e1n los Juegos de la Regi\u00f3n Centro en la ciudad de Rosario, que constar\u00e1n de competencias para juveniles en distintas disciplinas.<\/p>\n<p>De nuestra ciudad habr\u00e1 representantes de varios deportes y el b\u00e1squet, en la rama femenina, tendr\u00e1 dos: las jugadoras de Ben Hur, Delfina Gentinetta y Mar\u00eda Angelina Marchi. Tambi\u00e9n intervendr\u00e1 Lara Tribouley, de Libertad de Sunchales.<\/p>\n<p>El entrenador Rub\u00e9n Scaltriti defini\u00f3 el plantel correspondiente a la categor\u00eda U15. El mismo estar\u00e1 integrado por: Delfina Pasquali, Liz Barrientos, Lara Tribouley, Delfina Gentinetta, Mar\u00eda Angelina Marchi, Vanina Costantini, Antonella Roca, Abril Vernazza, Malena Baum y Sof\u00eda Descalzo.<\/p>\n<p>Los encuentros se disputar\u00e1n en cancha de El Tala y las santafesinas debutar\u00e1n el viernes a las 15 frente a Uruguay, mientras que el s\u00e1bado a las 9 de la ma\u00f1ana se medir\u00e1n con Entre R\u00edos y el domingo desde las 9.30 lo har\u00e1n ante C\u00f3rdoba.<\/p>\n","protected":false},"excerpt":{"rendered":"<p>El venidero fin de semana se desarrollar\u00e1n los Juegos de la Regi\u00f3n Centro en la ciudad de Rosario, que constar\u00e1n<\/p>\n","protected":false},"author":2,"featured_media":18764,"comment_status":"open","ping_status":"open","sticky":false,"template":"","format":"standard","meta":{"footnotes":""},"categories":[5,24],"tags":[],"class_list":["post-18763","post","type-post","status-publish","format-standard","has-post-thumbnail","hentry","category-basquet","category-noticias-destacadas"],"cc_featured_image_caption":{"caption_text":"Angelina Marchi y Delfina Gentinetta estar\u00e1n en Rosario.","source_text":"","source_url":""},"_links":{"self":[{"href":"https:\/\/todoapulmon-rafaela.com\/index.php\/wp-json\/wp\/v2\/posts\/18763"}],"collection":[{"href":"https:\/\/todoapulmon-rafaela.com\/index.php\/wp-json\/wp\/v2\/posts"}],"about":[{"href":"https:\/\/todoapulmon-rafaela.com\/index.php\/wp-json\/wp\/v2\/types\/post"}],"author":[{"embeddable":true,"href":"https:\/\/todoapulmon-rafaela.com\/index.php\/wp-json\/wp\/v2\/users\/2"}],"replies":[{"embeddable":true,"href":"https:\/\/todoapulmon-rafaela.com\/index.php\/wp-json\/wp\/v2\/comments?post=18763"}],"version-history":[{"count":1,"href":"https:\/\/todoapulmon-rafaela.com\/index.php\/wp-json\/wp\/v2\/posts\/18763\/revisions"}],"predecessor-version":[{"id":18765,"href":"https:\/\/todoapulmon-rafaela.com\/index.php\/wp-json\/wp\/v2\/posts\/18763\/revisions\/18765"}],"wp:featuredmedia":[{"embeddable":true,"href":"https:\/\/todoapulmon-rafaela.com\/index.php\/wp-json\/wp\/v2\/media\/18764"}],"wp:attachment":[{"href":"https:\/\/todoapulmon-rafaela.com\/index.php\/wp-json\/wp\/v2\/media?parent=18763"}],"wp:term":[{"taxonomy":"category","embeddable":true,"href":"https:\/\/todoapulmon-rafaela.com\/index.php\/wp-json\/wp\/v2\/categories?post=18763"},{"taxonomy":"post_tag","embeddable":true,"href":"https:\/\/todoapulmon-rafaela.com\/index.php\/wp-json\/wp\/v2\/tags?post=18763"}],"curies":[{"name":"wp","href":"https:\/\/api.w.org\/{rel}","templated":true}]}}