{"id":18736,"date":"2019-08-26T13:20:23","date_gmt":"2019-08-26T13:20:23","guid":{"rendered":"http:\/\/todoapulmon-rafaela.com\/?p=18736"},"modified":"2019-08-26T13:25:43","modified_gmt":"2019-08-26T13:25:43","slug":"buenas-actuaciones-rafaelinas-en-la-octava-del-rural-bike","status":"publish","type":"post","link":"https:\/\/todoapulmon-rafaela.com\/index.php\/2019\/08\/26\/buenas-actuaciones-rafaelinas-en-la-octava-del-rural-bike\/","title":{"rendered":"Buenas actuaciones rafaelinas en la octava del Rural Bike"},"content":{"rendered":"<p>Este domingo se disput\u00f3 la octava fecha del campeonato Santafesino de Rural Bike en la localidad de Progreso, con la presencia de 188 bikers.<\/p>\n<p>En mujeres, Mar\u00eda Bel\u00e9n Valdez\u00a0(San Crist\u00f3bal) fue ganadora de la general de 4 vueltas con 1h47m59s, mientras que la rafaelina Mar\u00eda Bel\u00e9n Fontanetto lo hizo en 3 vueltas con tiempo de 1h20m17s. En varones, la general de 5 vueltas fue para el esperancino Jorge Bordesse en 1h51m32s, en tanto que la de 4 vueltas tuvo como ganador al rafaelino Mart\u00edn Brizuela con 1h26m01s.<\/p>\n<p>Por categor\u00edas, de Rafaela hubo victorias por intermedio de Mar\u00eda Bel\u00e9n Fontanetto (Damas B) y Maximiliano Toldo (Master A2).<\/p>\n<p>Segundos puestos consiguieron: Valentino Danna (menores), Carlos Mansilla (A1), Edgardo Rasetto (A2), Leonardo Gonzalez (B2), Dar\u00edo Sedlacek (C2) y Ricardo Paz (D1).<\/p>\n<p>En la tercera posici\u00f3n arribaron: Paulina Ottino (Damas Elite) y\u00a0 Mat\u00edas Vilches (B1), mientras que en cuarto lugar arribaron Vanesa Pons (Damas Elite) e Ismael Bravo (C2).<\/p>\n<p>Clasificaciones por categor\u00edas publicadas por la organizaci\u00f3n del campeonato:<\/p>\n<p><a href=\"http:\/\/todoapulmon-rafaela.com\/wp-content\/uploads\/2019\/08\/Clasificaciones-Progreso-2019.pdf\" rel=\"\">Clasificaciones Progreso 2019<\/a><\/p>\n","protected":false},"excerpt":{"rendered":"<p>Este domingo se disput\u00f3 la octava fecha del campeonato Santafesino de Rural Bike en la localidad de Progreso, con la<\/p>\n","protected":false},"author":2,"featured_media":18744,"comment_status":"open","ping_status":"open","sticky":false,"template":"","format":"standard","meta":{"footnotes":""},"categories":[4,24],"tags":[],"class_list":["post-18736","post","type-post","status-publish","format-standard","has-post-thumbnail","hentry","category-ciclismo","category-noticias-destacadas"],"cc_featured_image_caption":{"caption_text":"Maximiliano Toldo fue ganador de la categor\u00eda Master A2. (Foto ruralbike.com.ar).","source_text":"","source_url":""},"_links":{"self":[{"href":"https:\/\/todoapulmon-rafaela.com\/index.php\/wp-json\/wp\/v2\/posts\/18736"}],"collection":[{"href":"https:\/\/todoapulmon-rafaela.com\/index.php\/wp-json\/wp\/v2\/posts"}],"about":[{"href":"https:\/\/todoapulmon-rafaela.com\/index.php\/wp-json\/wp\/v2\/types\/post"}],"author":[{"embeddable":true,"href":"https:\/\/todoapulmon-rafaela.com\/index.php\/wp-json\/wp\/v2\/users\/2"}],"replies":[{"embeddable":true,"href":"https:\/\/todoapulmon-rafaela.com\/index.php\/wp-json\/wp\/v2\/comments?post=18736"}],"version-history":[{"count":5,"href":"https:\/\/todoapulmon-rafaela.com\/index.php\/wp-json\/wp\/v2\/posts\/18736\/revisions"}],"predecessor-version":[{"id":18749,"href":"https:\/\/todoapulmon-rafaela.com\/index.php\/wp-json\/wp\/v2\/posts\/18736\/revisions\/18749"}],"wp:featuredmedia":[{"embeddable":true,"href":"https:\/\/todoapulmon-rafaela.com\/index.php\/wp-json\/wp\/v2\/media\/18744"}],"wp:attachment":[{"href":"https:\/\/todoapulmon-rafaela.com\/index.php\/wp-json\/wp\/v2\/media?parent=18736"}],"wp:term":[{"taxonomy":"category","embeddable":true,"href":"https:\/\/todoapulmon-rafaela.com\/index.php\/wp-json\/wp\/v2\/categories?post=18736"},{"taxonomy":"post_tag","embeddable":true,"href":"https:\/\/todoapulmon-rafaela.com\/index.php\/wp-json\/wp\/v2\/tags?post=18736"}],"curies":[{"name":"wp","href":"https:\/\/api.w.org\/{rel}","templated":true}]}}