{"id":18730,"date":"2019-08-25T20:58:27","date_gmt":"2019-08-25T20:58:27","guid":{"rendered":"http:\/\/todoapulmon-rafaela.com\/?p=18730"},"modified":"2019-08-25T20:58:27","modified_gmt":"2019-08-25T20:58:27","slug":"comienza-la-accion-del-ciclismo-en-los-parapanamericanos","status":"publish","type":"post","link":"https:\/\/todoapulmon-rafaela.com\/index.php\/2019\/08\/25\/comienza-la-accion-del-ciclismo-en-los-parapanamericanos\/","title":{"rendered":"Comienza la acci\u00f3n del ciclismo en los Parapanamericanos"},"content":{"rendered":"<p>Este lunes dar\u00e1n comienzo en Lima las pruebas de pista del ciclismo Parapanamericano, que tiene a Daniel Capella junto a Mart\u00edn Ferrari como entrenadores del equipo argentino. El mismo es integrado por el rafaelino Lucas Negreira, del Club Ciclista de Rafaela, mientras que tambi\u00e9n est\u00e1 siendo parte de la delegaci\u00f3n y siempre candidata a obtener medallas la misionera Mariela Delgado, quien se formara deportivamente junto a Daniel y Norberto Capella.<\/p>\n<p>Tambi\u00e9n viaj\u00f3 Natalia Vera, pero finalmente la pedalista santiague\u00f1a no podr\u00e1 competir ya que su disminuci\u00f3n visual no es lo suficientemente significativa, de acuerdo al reglamento y la apreciaci\u00f3n de la organizaci\u00f3n, para participar en adaptado. Tanto este lunes como el martes, se desarrollar\u00e1n las pruebas de pista, quedando para las \u00faltimas jornadas las competencias de ruta.<\/p>\n<p>Estos son los\u00a0<strong>VI Juegos Parapanamericanos Lima 2019, que se disputar\u00e1n hasta el 1 de septiembre.<\/strong><\/p>\n","protected":false},"excerpt":{"rendered":"<p>Este lunes dar\u00e1n comienzo en Lima las pruebas de pista del ciclismo Parapanamericano, que tiene a Daniel Capella junto a<\/p>\n","protected":false},"author":2,"featured_media":18734,"comment_status":"open","ping_status":"open","sticky":false,"template":"","format":"standard","meta":{"footnotes":""},"categories":[4,24],"tags":[],"class_list":["post-18730","post","type-post","status-publish","format-standard","has-post-thumbnail","hentry","category-ciclismo","category-noticias-destacadas"],"cc_featured_image_caption":{"caption_text":"Daniel Capella y Lucas Negreira en Lima.","source_text":"","source_url":""},"_links":{"self":[{"href":"https:\/\/todoapulmon-rafaela.com\/index.php\/wp-json\/wp\/v2\/posts\/18730"}],"collection":[{"href":"https:\/\/todoapulmon-rafaela.com\/index.php\/wp-json\/wp\/v2\/posts"}],"about":[{"href":"https:\/\/todoapulmon-rafaela.com\/index.php\/wp-json\/wp\/v2\/types\/post"}],"author":[{"embeddable":true,"href":"https:\/\/todoapulmon-rafaela.com\/index.php\/wp-json\/wp\/v2\/users\/2"}],"replies":[{"embeddable":true,"href":"https:\/\/todoapulmon-rafaela.com\/index.php\/wp-json\/wp\/v2\/comments?post=18730"}],"version-history":[{"count":2,"href":"https:\/\/todoapulmon-rafaela.com\/index.php\/wp-json\/wp\/v2\/posts\/18730\/revisions"}],"predecessor-version":[{"id":18735,"href":"https:\/\/todoapulmon-rafaela.com\/index.php\/wp-json\/wp\/v2\/posts\/18730\/revisions\/18735"}],"wp:featuredmedia":[{"embeddable":true,"href":"https:\/\/todoapulmon-rafaela.com\/index.php\/wp-json\/wp\/v2\/media\/18734"}],"wp:attachment":[{"href":"https:\/\/todoapulmon-rafaela.com\/index.php\/wp-json\/wp\/v2\/media?parent=18730"}],"wp:term":[{"taxonomy":"category","embeddable":true,"href":"https:\/\/todoapulmon-rafaela.com\/index.php\/wp-json\/wp\/v2\/categories?post=18730"},{"taxonomy":"post_tag","embeddable":true,"href":"https:\/\/todoapulmon-rafaela.com\/index.php\/wp-json\/wp\/v2\/tags?post=18730"}],"curies":[{"name":"wp","href":"https:\/\/api.w.org\/{rel}","templated":true}]}}