{"id":18724,"date":"2019-08-25T14:16:41","date_gmt":"2019-08-25T14:16:41","guid":{"rendered":"http:\/\/todoapulmon-rafaela.com\/?p=18724"},"modified":"2019-08-25T14:19:50","modified_gmt":"2019-08-25T14:19:50","slug":"hasta-el-momento-879-inscriptos-para-el-domingo","status":"publish","type":"post","link":"https:\/\/todoapulmon-rafaela.com\/index.php\/2019\/08\/25\/hasta-el-momento-879-inscriptos-para-el-domingo\/","title":{"rendered":"Hasta el momento, 879 inscriptos para el domingo"},"content":{"rendered":"<div>\n<p align=\"LEFT\">El municipio contin\u00faa con los preparativos para un evento que ya est\u00e1 instalado en el calendario nacional: el medio Marat\u00f3n 21K \u201cCiudad de Rafaela\u201d, en honor al profesor Daniel \u00abTecla\u00bb Far\u00edas.<\/p>\n<p align=\"LEFT\">La 9\u00aa edici\u00f3n se correr\u00e1 en nuestra ciudad el domingo 1\u00ba de septiembre, a partir de las 9, frente al edificio municipal, y ya se inscribieron 879 participantes. Recordemos que los 21 y 10 kil\u00f3metros son competitivos, en tanto que los 5 kil\u00f3metros son recreativos.<\/p>\n<p align=\"LEFT\">Es importante destacar que la Subsecretar\u00eda de Deportes ha recibido solicitudes de diversos puntos del pa\u00eds, como Salta, Buenos Aires, Mar del Plata y de toda la regi\u00f3n. Esto indica que, con cada edici\u00f3n, se sigue potenciando en todo el pa\u00eds.<\/p>\n<p align=\"LEFT\">Este a\u00f1o, el marat\u00f3n volver\u00e1 a tener la participaci\u00f3n del keniano Julius Kipngetich Rono, que correr\u00e1 los 10 kil\u00f3metros, al igual que la vez anterior. El subsecretario de Deportes, Leo Crosetti se\u00f1al\u00f3 que \u201cpara nosotros es un prestigio porque la primera vez hab\u00eda invitado invitado y ahora fue \u00e9l quien decidi\u00f3 volver por el trato que tuvo la primera vez, la seriedad y el compromiso\u201d.<\/p>\n<p align=\"LEFT\">Adem\u00e1s, cont\u00f3 que otra participaci\u00f3n destacada ser\u00e1 la de Pablo Giesenow, un cordob\u00e9s que sufri\u00f3 la amputaci\u00f3n de sus piernas y que practica deporte con sus pr\u00f3tesis: \u201cEstar\u00e1 corriendo 5 kil\u00f3metros y es una ense\u00f1anza de vida. Esto va de la mano con lo que nosotros proponemos en esta novena edici\u00f3n y consiste en desafiar nuestros l\u00edmites\u201d.<\/p>\n<p align=\"LEFT\">Tambi\u00e9n, record\u00f3 que el circuito fue fiscalizado y homologado por el Juez y mediador internacional Nivel 2 de la Confederaci\u00f3n Argentina de Atletismo, Edgardo Pailos, quien estuvo en Rafaela para certificar el circuito de los 10 y 21K para el marat\u00f3n.<span class=\"m_-828265615336559629Apple-converted-space\">\u00a0<\/span><\/p>\n<p align=\"LEFT\">\u201cSu funci\u00f3n fue medir cada un kil\u00f3metro y dejarlo graficado en un plano. Adem\u00e1s garantiz\u00f3 que ante el menor recorrido que haga el maratonista, igualmente cumpla con la distancia requerida. Esta certificaci\u00f3n permite que la ciudad forme parte del calendario nacional, que puedan asistir corredores internacionales y que tambi\u00e9n se puedan hacer r\u00e9cord, jerarquizando deportivamente e institucionalmente Rafaela\u201d, agreg\u00f3 el funcionario.<\/p>\n<p align=\"LEFT\"><b>Inscripciones<\/b><\/p>\n<p align=\"LEFT\">Las inscripciones se pueden realizar online (<a href=\"https:\/\/www.rafaela.gob.ar\/\" target=\"_blank\">https:\/\/www.rafaela.gob.ar<\/a>) en el banner de 21K Rafaela 2019 que se encuentra en la parte inferior de la web, donde se podr\u00e1 completar la planilla correspondiente.<\/p>\n<p align=\"LEFT\">Adem\u00e1s, los interesados pueden inscribirse de manera personal acerc\u00e1ndose al 1\u00ba piso del municipio, en la Subsecretar\u00eda de Deportes, de lunes a viernes de 7:30 a 12:30.<\/p>\n<p align=\"LEFT\">Los participantes deber\u00e1n presentar los aptos m\u00e9dicos deportivos. La intenci\u00f3n de la organizaci\u00f3n es concientizar e incentivar a que los corredores se realicen el chequeo correspondiente.<\/p>\n<\/div>\n<div class=\"yj6qo\"><\/div>\n<div class=\"adL\"><\/div>\n","protected":false},"excerpt":{"rendered":"<p>El municipio contin\u00faa con los preparativos para un evento que ya est\u00e1 instalado en el calendario nacional: el medio Marat\u00f3n<\/p>\n","protected":false},"author":2,"featured_media":18725,"comment_status":"open","ping_status":"open","sticky":false,"template":"","format":"standard","meta":{"footnotes":""},"categories":[7,24],"tags":[],"class_list":["post-18724","post","type-post","status-publish","format-standard","has-post-thumbnail","hentry","category-atletismo","category-noticias-destacadas"],"cc_featured_image_caption":{"caption_text":"Crece la expectativa para la prueba (foto prensa Municipalidad de Rafaela).","source_text":"","source_url":""},"_links":{"self":[{"href":"https:\/\/todoapulmon-rafaela.com\/index.php\/wp-json\/wp\/v2\/posts\/18724"}],"collection":[{"href":"https:\/\/todoapulmon-rafaela.com\/index.php\/wp-json\/wp\/v2\/posts"}],"about":[{"href":"https:\/\/todoapulmon-rafaela.com\/index.php\/wp-json\/wp\/v2\/types\/post"}],"author":[{"embeddable":true,"href":"https:\/\/todoapulmon-rafaela.com\/index.php\/wp-json\/wp\/v2\/users\/2"}],"replies":[{"embeddable":true,"href":"https:\/\/todoapulmon-rafaela.com\/index.php\/wp-json\/wp\/v2\/comments?post=18724"}],"version-history":[{"count":2,"href":"https:\/\/todoapulmon-rafaela.com\/index.php\/wp-json\/wp\/v2\/posts\/18724\/revisions"}],"predecessor-version":[{"id":18727,"href":"https:\/\/todoapulmon-rafaela.com\/index.php\/wp-json\/wp\/v2\/posts\/18724\/revisions\/18727"}],"wp:featuredmedia":[{"embeddable":true,"href":"https:\/\/todoapulmon-rafaela.com\/index.php\/wp-json\/wp\/v2\/media\/18725"}],"wp:attachment":[{"href":"https:\/\/todoapulmon-rafaela.com\/index.php\/wp-json\/wp\/v2\/media?parent=18724"}],"wp:term":[{"taxonomy":"category","embeddable":true,"href":"https:\/\/todoapulmon-rafaela.com\/index.php\/wp-json\/wp\/v2\/categories?post=18724"},{"taxonomy":"post_tag","embeddable":true,"href":"https:\/\/todoapulmon-rafaela.com\/index.php\/wp-json\/wp\/v2\/tags?post=18724"}],"curies":[{"name":"wp","href":"https:\/\/api.w.org\/{rel}","templated":true}]}}