{"id":18673,"date":"2019-08-20T12:42:56","date_gmt":"2019-08-20T12:42:56","guid":{"rendered":"http:\/\/todoapulmon-rafaela.com\/?p=18673"},"modified":"2019-08-20T12:42:56","modified_gmt":"2019-08-20T12:42:56","slug":"9-de-julio-fue-tercero-en-el-grand-prix-sub-23-masculino","status":"publish","type":"post","link":"https:\/\/todoapulmon-rafaela.com\/index.php\/2019\/08\/20\/9-de-julio-fue-tercero-en-el-grand-prix-sub-23-masculino\/","title":{"rendered":"9 de Julio fue tercero en el Grand Prix Sub 23 masculino"},"content":{"rendered":"<p>El s\u00e1bado 17 de agosto en las instalaciones del Club 9 de Julio de Rafaela se llev\u00f3 a cabo el cuarto Grand Prix de la categor\u00eda sub 23 masculina de la Interliga de Voley Rafaelina-Oeste. En el mismo participaron: Uni\u00f3n de Sunchales, Pilar, Tostado \u00abA\u00bb y \u00abB\u00bb y el anfitri\u00f3n 9 de Julio.<\/p>\n<p>RESULTADOS:\u00a0<span class=\"text_exposed_show\"><br \/>\nPilar vs Uni\u00f3n: (2 a 0)<br \/>\nPilar vs 9 de Julio: (2 a 0)<br \/>\nPilar v Tostado \u00abA\u00bb: (2 a 0)<br \/>\nPilar vs Tostado \u00abB\u00bb: (2 a 0)<br \/>\nUni\u00f3n vs 9 de Julio: (2 a 1)<br \/>\nUni\u00f3n vs Tostado \u00abA\u00bb: (2 a 0)<br \/>\nUni\u00f3n vs Tostado \u00abB\u00bb: (2 a 0)<br \/>\n9 de Julio vs Tostado \u00abA\u00bb: (2 a 1)<br \/>\n9 de Julio vs Tostado \u00abB\u00bb: (2 a 0)<br \/>\nTostado \u00abA\u00bb vs Tostado \u00abB\u00bb: (2 a 0)<\/span><\/p>\n<div class=\"text_exposed_show\">\n<p>TERCER Y CUARTO PUESTO<br \/>\n9 de Julio vs Tostado \u00abA\u00bb: (2 a 0)<\/p>\n<p>FINAL:<br \/>\nPilar vs Uni\u00f3n: (2 a 0).<\/p>\n<p>POSICIONES FINALES<br \/>\n1\u00ba Club Atl\u00e9tico Pilar<br \/>\n2\u00ba Club Atl\u00e9tico Uni\u00f3n de Sunchales<br \/>\n3\u00ba Club Atl\u00e9tico 9 de Julio de Rafaela<br \/>\n4\u00ba Club Atl\u00e9tico Tostado \u00abA\u00bb<br \/>\n5\u00ba Club Atl\u00e9tico Tostado \u00abB\u00bb<\/p>\n<p>TABLA DE POSICIONES<br \/>\n1\u00ba Club Atl\u00e9tico Pilar 80 PUNTOS<br \/>\n2\u00ba Club Atl\u00e9tico Uni\u00f3n de Sunchales 72 PUNTOS<br \/>\n3\u00ba Club Atl\u00e9tico 9 de Julio de Rafaela 66 PUNTOS<br \/>\n4\u00ba Club Atl\u00e9tico Tostado \u00abA\u00bb 66 PUNTOS<br \/>\n5\u00ba Club Atl\u00e9tico Tostado \u00abB\u00bb 60 PUNTOS.<\/p>\n<p>Arbitraron Sof\u00eca Quintana y Enzo Passarino.<\/p>\n<p>Fuente: Asociaci\u00f3n Rafaelina de Voley.<\/p>\n<\/div>\n","protected":false},"excerpt":{"rendered":"<p>El s\u00e1bado 17 de agosto en las instalaciones del Club 9 de Julio de Rafaela se llev\u00f3 a cabo el<\/p>\n","protected":false},"author":2,"featured_media":18674,"comment_status":"open","ping_status":"open","sticky":false,"template":"","format":"standard","meta":{"footnotes":""},"categories":[16],"tags":[],"class_list":["post-18673","post","type-post","status-publish","format-standard","has-post-thumbnail","hentry","category-voley"],"cc_featured_image_caption":{"caption_text":"El representativo de 9 de Julio que participa de los Grand Prix de la Interliga (foto ARV VG).","source_text":"","source_url":""},"_links":{"self":[{"href":"https:\/\/todoapulmon-rafaela.com\/index.php\/wp-json\/wp\/v2\/posts\/18673"}],"collection":[{"href":"https:\/\/todoapulmon-rafaela.com\/index.php\/wp-json\/wp\/v2\/posts"}],"about":[{"href":"https:\/\/todoapulmon-rafaela.com\/index.php\/wp-json\/wp\/v2\/types\/post"}],"author":[{"embeddable":true,"href":"https:\/\/todoapulmon-rafaela.com\/index.php\/wp-json\/wp\/v2\/users\/2"}],"replies":[{"embeddable":true,"href":"https:\/\/todoapulmon-rafaela.com\/index.php\/wp-json\/wp\/v2\/comments?post=18673"}],"version-history":[{"count":1,"href":"https:\/\/todoapulmon-rafaela.com\/index.php\/wp-json\/wp\/v2\/posts\/18673\/revisions"}],"predecessor-version":[{"id":18675,"href":"https:\/\/todoapulmon-rafaela.com\/index.php\/wp-json\/wp\/v2\/posts\/18673\/revisions\/18675"}],"wp:featuredmedia":[{"embeddable":true,"href":"https:\/\/todoapulmon-rafaela.com\/index.php\/wp-json\/wp\/v2\/media\/18674"}],"wp:attachment":[{"href":"https:\/\/todoapulmon-rafaela.com\/index.php\/wp-json\/wp\/v2\/media?parent=18673"}],"wp:term":[{"taxonomy":"category","embeddable":true,"href":"https:\/\/todoapulmon-rafaela.com\/index.php\/wp-json\/wp\/v2\/categories?post=18673"},{"taxonomy":"post_tag","embeddable":true,"href":"https:\/\/todoapulmon-rafaela.com\/index.php\/wp-json\/wp\/v2\/tags?post=18673"}],"curies":[{"name":"wp","href":"https:\/\/api.w.org\/{rel}","templated":true}]}}