{"id":1867,"date":"2016-07-24T20:25:11","date_gmt":"2016-07-24T20:25:11","guid":{"rendered":"http:\/\/todoapulmon-rafaela.com\/?p=1867"},"modified":"2016-07-24T20:25:11","modified_gmt":"2016-07-24T20:25:11","slug":"almagro-tuvo-logros-internacionales","status":"publish","type":"post","link":"https:\/\/todoapulmon-rafaela.com\/index.php\/2016\/07\/24\/almagro-tuvo-logros-internacionales\/","title":{"rendered":"Almagro tuvo logros internacionales"},"content":{"rendered":"<div>Una gran actuaci\u00f3n cumpli\u00f3 la delegaci\u00f3n del Club Almagro de Rafaela en la Copa Am\u00e9rica de pat\u00edn art\u00edstico, desarrollada durante esta semana en el CEDEM N\u00ba1 de Caseros, Buenos Aires. El evento tuvo la presencia de 1.200 protagonistas de Argentina, Ecuador, Brasil, Chile, Uruguay y Paraguay.<\/div>\n<div>La entidad rafaelina se luci\u00f3 en las disciplinas de show donde compiti\u00f3.\u00a0En la jornada del viernes, el Cuarteto Infantil obtuvo el primer puesto, mientras que tambi\u00e9n se ubic\u00f3 en la primera posici\u00f3n Precisi\u00f3n Grupo Mayor, en tanto que el Cuarteto Mayor logr\u00f3 el tercer puesto.<\/div>\n<div>Ya en la jornada del s\u00e1bado, hubo segundos puestos en\u00a0Grupos Grandes infantil Avanzada, en Mini Grupo Mayores Avanzada y\u00a0en Grupos Grande Internacional Mayores. Con esto, el balance muy positivo fue de dos t\u00edtulos sudamericanos, tres segundo puestos y un tercer puesto.<\/div>\n<div>Esto marca un hito en la historia de 76 a\u00f1os de vida del club y es el patin que logra estos t\u00edtulos sudamericanos.<\/div>\n<div>Cabe mencionar el agradecimiento del Club Almagro de Rafaela a la Comisi\u00f3n Asesora Municipal de Deportes, a la Sub-secretar\u00eda de Deportes de la Municipalidad de Rafaela a trav\u00e9s de Sebasti\u00e1n Ballina y Jorge Romera, al Senador Provincial Alcides Calvo, al grupo de padres por el gran esfuerzo econ\u00f3mico y de acompa\u00f1amiento realizado, y al grupo de 42 patinadoras de Euterpe comandado por las profesoras Victoria Morel y Dafne Goldsack.<\/div>\n<div>El detalle de patinadoras que integraron el equipo fueron:\u00a0Delfina Aiassa, Delfina Alasia, Camila Alasia, Carolina Aragno, Sof\u00eda Arias, Martina Beron, Valentina Bork, Candela Bracamonte, Sof\u00eda Brarda, Sof\u00eda Bruneri, Julieta Chattelino, Sahira Condrac, Delfina Damnotti, Melani Durando, Vanesa Durando, Camila Echaniz, Cecilia Fernandez, Morena Gim\u00e9nez, Lourdes Gudi\u00f1o, Maia Guerrero, Irina Guti\u00e9rrez, Eva Hang, Florencia Herrera, Victoria Inwinkelried, Angelina Longoni, Maira Luque, Delfina Macagno, Guillermina Macagno, Luciana Margar\u00eda, Bernardita Michelod, Delfina Minighini, Victoria Morel, Maia Musso, Victoria Oggero, Camila Ortega, M. Bel\u00e9n Pereyra, Emilia Rodriguez, Melisa Sabena, Pierina Scaraf\u00eda, Luciana Schurrer, Paloma Soltermann y Milagros Tavella.<img loading=\"lazy\" decoding=\"async\" class=\"alignnone size-medium wp-image-1870\" src=\"http:\/\/todoapulmon-rafaela.com\/wp-content\/uploads\/2016\/07\/IMG-20160723-WA00011-300x168.jpg\" alt=\"IMG-20160723-WA0001[1]\" width=\"300\" height=\"168\" srcset=\"https:\/\/todoapulmon-rafaela.com\/wp-content\/uploads\/2016\/07\/IMG-20160723-WA00011-300x168.jpg 300w, https:\/\/todoapulmon-rafaela.com\/wp-content\/uploads\/2016\/07\/IMG-20160723-WA00011-768x431.jpg 768w, https:\/\/todoapulmon-rafaela.com\/wp-content\/uploads\/2016\/07\/IMG-20160723-WA00011-1024x575.jpg 1024w, https:\/\/todoapulmon-rafaela.com\/wp-content\/uploads\/2016\/07\/IMG-20160723-WA00011-800x445.jpg 800w, https:\/\/todoapulmon-rafaela.com\/wp-content\/uploads\/2016\/07\/IMG-20160723-WA00011.jpg 1040w\" sizes=\"(max-width: 300px) 100vw, 300px\" \/><img loading=\"lazy\" decoding=\"async\" class=\"alignnone size-medium wp-image-1869 alignright\" src=\"http:\/\/todoapulmon-rafaela.com\/wp-content\/uploads\/2016\/07\/13732025_712131585594780_2939182621574372114_o-300x169.jpg\" alt=\"13732025_712131585594780_2939182621574372114_o\" width=\"300\" height=\"169\" srcset=\"https:\/\/todoapulmon-rafaela.com\/wp-content\/uploads\/2016\/07\/13732025_712131585594780_2939182621574372114_o-300x169.jpg 300w, https:\/\/todoapulmon-rafaela.com\/wp-content\/uploads\/2016\/07\/13732025_712131585594780_2939182621574372114_o-768x432.jpg 768w, https:\/\/todoapulmon-rafaela.com\/wp-content\/uploads\/2016\/07\/13732025_712131585594780_2939182621574372114_o-1024x576.jpg 1024w, https:\/\/todoapulmon-rafaela.com\/wp-content\/uploads\/2016\/07\/13732025_712131585594780_2939182621574372114_o.jpg 1032w\" sizes=\"(max-width: 300px) 100vw, 300px\" \/><\/div>\n","protected":false},"excerpt":{"rendered":"<p>Una gran actuaci\u00f3n cumpli\u00f3 la delegaci\u00f3n del Club Almagro de Rafaela en la Copa Am\u00e9rica de pat\u00edn art\u00edstico, desarrollada durante<\/p>\n","protected":false},"author":2,"featured_media":1868,"comment_status":"open","ping_status":"open","sticky":false,"template":"","format":"standard","meta":{"footnotes":""},"categories":[24,1],"tags":[],"class_list":["post-1867","post","type-post","status-publish","format-standard","has-post-thumbnail","hentry","category-noticias-destacadas","category-sin-categoria"],"cc_featured_image_caption":{"caption_text":"Fue una gran participaci\u00f3n la de Almagro en la Copa Am\u00e9rica de pat\u00edn.","source_text":"","source_url":""},"_links":{"self":[{"href":"https:\/\/todoapulmon-rafaela.com\/index.php\/wp-json\/wp\/v2\/posts\/1867"}],"collection":[{"href":"https:\/\/todoapulmon-rafaela.com\/index.php\/wp-json\/wp\/v2\/posts"}],"about":[{"href":"https:\/\/todoapulmon-rafaela.com\/index.php\/wp-json\/wp\/v2\/types\/post"}],"author":[{"embeddable":true,"href":"https:\/\/todoapulmon-rafaela.com\/index.php\/wp-json\/wp\/v2\/users\/2"}],"replies":[{"embeddable":true,"href":"https:\/\/todoapulmon-rafaela.com\/index.php\/wp-json\/wp\/v2\/comments?post=1867"}],"version-history":[{"count":1,"href":"https:\/\/todoapulmon-rafaela.com\/index.php\/wp-json\/wp\/v2\/posts\/1867\/revisions"}],"predecessor-version":[{"id":1871,"href":"https:\/\/todoapulmon-rafaela.com\/index.php\/wp-json\/wp\/v2\/posts\/1867\/revisions\/1871"}],"wp:featuredmedia":[{"embeddable":true,"href":"https:\/\/todoapulmon-rafaela.com\/index.php\/wp-json\/wp\/v2\/media\/1868"}],"wp:attachment":[{"href":"https:\/\/todoapulmon-rafaela.com\/index.php\/wp-json\/wp\/v2\/media?parent=1867"}],"wp:term":[{"taxonomy":"category","embeddable":true,"href":"https:\/\/todoapulmon-rafaela.com\/index.php\/wp-json\/wp\/v2\/categories?post=1867"},{"taxonomy":"post_tag","embeddable":true,"href":"https:\/\/todoapulmon-rafaela.com\/index.php\/wp-json\/wp\/v2\/tags?post=1867"}],"curies":[{"name":"wp","href":"https:\/\/api.w.org\/{rel}","templated":true}]}}