{"id":18662,"date":"2019-08-19T18:36:45","date_gmt":"2019-08-19T18:36:45","guid":{"rendered":"http:\/\/todoapulmon-rafaela.com\/?p=18662"},"modified":"2019-08-19T18:36:45","modified_gmt":"2019-08-19T18:36:45","slug":"rafaelinos-destacados-en-franck","status":"publish","type":"post","link":"https:\/\/todoapulmon-rafaela.com\/index.php\/2019\/08\/19\/rafaelinos-destacados-en-franck\/","title":{"rendered":"Rafaelinos destacados en Franck"},"content":{"rendered":"<p>El domingo 18 de agosto se realiz\u00f3 una nueva edici\u00f3n de \u00abFranck Corre\u00bb, prueba pedestre sobre 5 y 10k que cont\u00f3 con un numeroso grupo de runners rafaelinos entre los aproximadamente 300 participantes.<\/p>\n<p>En la distancia mayor el m\u00e1s destacado de nuestra ciudad fue, al arribar quinto en la clasificaci\u00f3n general, Rodrigo Ghilardi con un tiempo de 37m15s, mientras que sexto finaliz\u00f3 Romano Maza con 37m29s. El ganador fue Mat\u00edas Perpeto con 35m50s.<\/p>\n<p>Por categor\u00edas, en damas fue segunda Gisela Camusso en 25\/29 a\u00f1os. En varones, tercero Javier Diaz en 25\/29; mientras que primero\u00a0 se ubic\u00f3 Romano Maza en 30\/34 donde fue segundo Fernando Ojeda, atleta de Goya que entrena en Rafaela.<\/p>\n<p>En 35\/39 se impuso Santiago Blengino y lo propio consigui\u00f3 Ricardo Rosas en 65\/69.<\/p>\n<p>En 5k damas fue triunfadora en la general Guillermina Foti, del Wayra Running Team, con un tiempo de 23m40s.<\/p>\n","protected":false},"excerpt":{"rendered":"<p>El domingo 18 de agosto se realiz\u00f3 una nueva edici\u00f3n de \u00abFranck Corre\u00bb, prueba pedestre sobre 5 y 10k que<\/p>\n","protected":false},"author":2,"featured_media":18663,"comment_status":"open","ping_status":"open","sticky":false,"template":"","format":"standard","meta":{"footnotes":""},"categories":[7],"tags":[],"class_list":["post-18662","post","type-post","status-publish","format-standard","has-post-thumbnail","hentry","category-atletismo"],"cc_featured_image_caption":{"caption_text":"Rodrigo Ghilardi, quinto en la general masculina de 10k, y Guillermina Foti, ganadora en 5k damas.","source_text":"","source_url":""},"_links":{"self":[{"href":"https:\/\/todoapulmon-rafaela.com\/index.php\/wp-json\/wp\/v2\/posts\/18662"}],"collection":[{"href":"https:\/\/todoapulmon-rafaela.com\/index.php\/wp-json\/wp\/v2\/posts"}],"about":[{"href":"https:\/\/todoapulmon-rafaela.com\/index.php\/wp-json\/wp\/v2\/types\/post"}],"author":[{"embeddable":true,"href":"https:\/\/todoapulmon-rafaela.com\/index.php\/wp-json\/wp\/v2\/users\/2"}],"replies":[{"embeddable":true,"href":"https:\/\/todoapulmon-rafaela.com\/index.php\/wp-json\/wp\/v2\/comments?post=18662"}],"version-history":[{"count":1,"href":"https:\/\/todoapulmon-rafaela.com\/index.php\/wp-json\/wp\/v2\/posts\/18662\/revisions"}],"predecessor-version":[{"id":18664,"href":"https:\/\/todoapulmon-rafaela.com\/index.php\/wp-json\/wp\/v2\/posts\/18662\/revisions\/18664"}],"wp:featuredmedia":[{"embeddable":true,"href":"https:\/\/todoapulmon-rafaela.com\/index.php\/wp-json\/wp\/v2\/media\/18663"}],"wp:attachment":[{"href":"https:\/\/todoapulmon-rafaela.com\/index.php\/wp-json\/wp\/v2\/media?parent=18662"}],"wp:term":[{"taxonomy":"category","embeddable":true,"href":"https:\/\/todoapulmon-rafaela.com\/index.php\/wp-json\/wp\/v2\/categories?post=18662"},{"taxonomy":"post_tag","embeddable":true,"href":"https:\/\/todoapulmon-rafaela.com\/index.php\/wp-json\/wp\/v2\/tags?post=18662"}],"curies":[{"name":"wp","href":"https:\/\/api.w.org\/{rel}","templated":true}]}}