{"id":18658,"date":"2019-08-19T17:32:05","date_gmt":"2019-08-19T17:32:05","guid":{"rendered":"http:\/\/todoapulmon-rafaela.com\/?p=18658"},"modified":"2019-08-19T17:32:05","modified_gmt":"2019-08-19T17:32:05","slug":"pua-en-10k-y-fernandez-en-5k-ganadores-en-morteros","status":"publish","type":"post","link":"https:\/\/todoapulmon-rafaela.com\/index.php\/2019\/08\/19\/pua-en-10k-y-fernandez-en-5k-ganadores-en-morteros\/","title":{"rendered":"P\u00faa en 10k y Fern\u00e1ndez en 5k, ganadores en Morteros"},"content":{"rendered":"<p>Triunfos de atletas de nuestra ciudad se registraron el domingo en Morteros, donde se realiz\u00f3 la 128\u00ba edici\u00f3n de la prueba atl\u00e9tica de dicha localidad cordobesa. En 5k el vencedor fue Germ\u00e1n Fernandez, mientras que en 10k prevaleci\u00f3 Juan Carlos P\u00faa. M\u00e1s de 270 runners de la regi\u00f3n fueron participantes.<br \/>\nAdem\u00e1s, reforz\u00f3 el car\u00e1cter inclusivo que tuvo la competencia con la participaci\u00f3n en esta oportunidad del Grupo Los Imparables, atletas adaptados liderados por el reconocido Pablo Giesenow.<br \/>\n<strong>10 kilometros<\/strong><br \/>\nCaballeros<br \/>\nJuan Carlos P\u00faa (Rafaela) 33:59<br \/>\nCristian Gatti (San Francisco) 35:56<br \/>\nGuido Fauda (Villa Fontana) 36:00<br \/>\nDamas<br \/>\nPatricia Ponce (Esperanza) 37:03<br \/>\nAndrea Lazzarini (Santa Fe) 40:42<br \/>\nCarina Cuevas (Alicia) 41:06<\/p>\n<p><strong>5 kilometros<\/strong><br \/>\nCaballeros<br \/>\nGerman Fernandez (Rafaela) 17:45<br \/>\nFederico Tissera (La Puerta) 18:16<br \/>\nAlexis Debuchy (Arroyito) 18:26<\/p>\n<p>Damas<br \/>\nJulieta Ruhl (Morteros) 25:04<br \/>\nPaola Aodassio (Morteros) 25:18<br \/>\nCeleste Ferreyra (Morteros) 25:38.<\/p>\n<figure id=\"attachment_18660\" aria-describedby=\"caption-attachment-18660\" style=\"width: 300px\" class=\"wp-caption alignnone\"><img loading=\"lazy\" decoding=\"async\" class=\"size-medium wp-image-18660\" src=\"http:\/\/todoapulmon-rafaela.com\/wp-content\/uploads\/2019\/08\/Fernandez-Morteros-2019-300x200.jpg\" alt=\"Germ\u00e1n Fern\u00e1ndez gan\u00f3 en 5k.\" width=\"300\" height=\"200\" srcset=\"https:\/\/todoapulmon-rafaela.com\/wp-content\/uploads\/2019\/08\/Fernandez-Morteros-2019-300x200.jpg 300w, https:\/\/todoapulmon-rafaela.com\/wp-content\/uploads\/2019\/08\/Fernandez-Morteros-2019.jpg 960w\" sizes=\"(max-width: 300px) 100vw, 300px\" \/><figcaption id=\"caption-attachment-18660\" class=\"wp-caption-text\">Germ\u00e1n Fern\u00e1ndez gan\u00f3 en 5k.<\/figcaption><\/figure>\n","protected":false},"excerpt":{"rendered":"<p>Triunfos de atletas de nuestra ciudad se registraron el domingo en Morteros, donde se realiz\u00f3 la 128\u00ba edici\u00f3n de la<\/p>\n","protected":false},"author":2,"featured_media":18659,"comment_status":"open","ping_status":"open","sticky":false,"template":"","format":"standard","meta":{"footnotes":""},"categories":[7,24],"tags":[],"class_list":["post-18658","post","type-post","status-publish","format-standard","has-post-thumbnail","hentry","category-atletismo","category-noticias-destacadas"],"cc_featured_image_caption":{"caption_text":"El podio de la general de 10k masculinos donde gan\u00f3 Juan P\u00faa (foto Municipalidad de Morteros).","source_text":"","source_url":""},"_links":{"self":[{"href":"https:\/\/todoapulmon-rafaela.com\/index.php\/wp-json\/wp\/v2\/posts\/18658"}],"collection":[{"href":"https:\/\/todoapulmon-rafaela.com\/index.php\/wp-json\/wp\/v2\/posts"}],"about":[{"href":"https:\/\/todoapulmon-rafaela.com\/index.php\/wp-json\/wp\/v2\/types\/post"}],"author":[{"embeddable":true,"href":"https:\/\/todoapulmon-rafaela.com\/index.php\/wp-json\/wp\/v2\/users\/2"}],"replies":[{"embeddable":true,"href":"https:\/\/todoapulmon-rafaela.com\/index.php\/wp-json\/wp\/v2\/comments?post=18658"}],"version-history":[{"count":1,"href":"https:\/\/todoapulmon-rafaela.com\/index.php\/wp-json\/wp\/v2\/posts\/18658\/revisions"}],"predecessor-version":[{"id":18661,"href":"https:\/\/todoapulmon-rafaela.com\/index.php\/wp-json\/wp\/v2\/posts\/18658\/revisions\/18661"}],"wp:featuredmedia":[{"embeddable":true,"href":"https:\/\/todoapulmon-rafaela.com\/index.php\/wp-json\/wp\/v2\/media\/18659"}],"wp:attachment":[{"href":"https:\/\/todoapulmon-rafaela.com\/index.php\/wp-json\/wp\/v2\/media?parent=18658"}],"wp:term":[{"taxonomy":"category","embeddable":true,"href":"https:\/\/todoapulmon-rafaela.com\/index.php\/wp-json\/wp\/v2\/categories?post=18658"},{"taxonomy":"post_tag","embeddable":true,"href":"https:\/\/todoapulmon-rafaela.com\/index.php\/wp-json\/wp\/v2\/tags?post=18658"}],"curies":[{"name":"wp","href":"https:\/\/api.w.org\/{rel}","templated":true}]}}