{"id":18654,"date":"2019-08-19T17:10:50","date_gmt":"2019-08-19T17:10:50","guid":{"rendered":"http:\/\/todoapulmon-rafaela.com\/?p=18654"},"modified":"2019-08-19T21:32:47","modified_gmt":"2019-08-19T21:32:47","slug":"los-31-que-van-al-mundial-con-mayco-vivas","status":"publish","type":"post","link":"https:\/\/todoapulmon-rafaela.com\/index.php\/2019\/08\/19\/los-31-que-van-al-mundial-con-mayco-vivas\/","title":{"rendered":"Los 31 que van al Mundial, con Mayco Vivas"},"content":{"rendered":"<p>Mario Ledesma finalmente revel\u00f3 el plantel de jugadores que representar\u00e1n la ilusi\u00f3n argentina en el Mundial de Jap\u00f3n y vestir\u00e1n la camiseta de Los Pumas.<\/p>\n<p>La base del equipo es la que tuvo un gran a\u00f1o en Jaguares, la que logr\u00f3 alcanzar la final del Super Rugby en la que cay\u00f3 con Crusaders.\u00a0<strong>Nahuel Tetaz Chaparro, Mayco Vivas, Santiago Medrano, Agust\u00edn Creevy y Juli\u00e1n Montoya\u00a0<\/strong>en la primera l\u00ednea. A ellos se sum\u00f3 el experimentado\u00a0<strong>Juan Figallo<\/strong>, una pieza irremplazable en el plantel, por experiencia y actualidad. El primera l\u00ednea de Saracens fue uno de los \u00abeuropeos\u00bb preferidos por Ledesma en la posici\u00f3n. Entre los que no ten\u00edan un lugar asegurado, se anotaron\u00a0<strong>Enrique Pieretto\u00a0<\/strong>y\u00a0<strong>Santiago Socino<\/strong>.<\/p>\n<p>En la segunda, no hab\u00eda espacio para las sorpresas:\u00a0<strong>Tom\u00e1s Lavanini, Mat\u00edas Alemanno y Guido Petti\u00a0<\/strong>jugaron a lo largo del a\u00f1o y no apareci\u00f3 un competidor claro que ponga en duda la presencia de estos tres. Incluso, fue\u00a0<strong>Marcos Kremer\u00a0<\/strong>quien ocup\u00f3 esa posici\u00f3n cuando hubo que darle descanso a alguno de los antes mencionados. El oriundo de Concordia es una fija, tanto en la segunda como en la tercera, donde tambi\u00e9n aparece una vez m\u00e1s el hist\u00f3rico\u00a0<strong>Juan Manuel Leguizam\u00f3n<\/strong>, el Puma de Bronce que afrontar\u00e1 su cuarta Copa del Mundo.<\/p>\n<p>Completan el pack de forwards el capit\u00e1n\u00a0<strong>Pablo Matera<\/strong>,\u00a0<strong>Tom\u00e1s Lezana<\/strong>,\u00a0<strong>Javier Ortega Desio\u00a0<\/strong>y la sorpresa all\u00ed est\u00e1 en\u00a0<strong>Rodrigo Bruni\u00a0<\/strong>que le gan\u00f3 la pulseada a Facundo Isa.<\/p>\n<p>Entre los backs, elegir a los medio scrums no fue nada sencillo.\u00a0<strong>Tom\u00e1s Cubelli\u00a0<\/strong>se gan\u00f3 su lugar por un excelente 2019, algo que fue posible por las lesiones a comienzos de temporada de\u00a0<strong>Gonzalo Bertranou\u00a0<\/strong>y\u00a0<strong>Mart\u00edn Landajo<\/strong>. El mendocino tuvo una larga recuperaci\u00f3n que lo dej\u00f3 afuera de gran parte del Super Rugby, pero se recuper\u00f3 y en agosto sum\u00f3 minutos con Jaguares XV en la First Division de la Currie Cup y luego Ledesma lo sum\u00f3 al plantel del Championship. La cuarta opci\u00f3n en la temporada fue\u00a0<strong>Felipe Ezcurra<\/strong>\u00a0que tuvo un gran paso por Argentina XV y luego jug\u00f3 una gran cantidad de partidos, la mayor\u00eda como suplente de Cubelli.<\/p>\n<p>El puesto de apertura tiene un due\u00f1o claro:\u00a0<strong>Nicol\u00e1s S\u00e1nchez<\/strong>. Pese a su salida al Stade Francais a fines de 2018, el tucumano se mostr\u00f3 como el mejor apertura argentino de la actualidad. Por eso, el head coach tuvo que elegir entre\u00a0<strong>Joaqu\u00edn D\u00edaz Bonilla\u00a0<\/strong>y\u00a0<strong>Benjam\u00edn Urdapilleta<\/strong>. El hombre de Hind\u00fa condujo a Jaguares durante toda la temporada, mientras que el jugador de Castres tuvo un 2018 espectacular siendo campe\u00f3n y figura en el Top 14, aunque no pudo repetir sus logros grupales en la actual temporada, su nivel sigui\u00f3 siendo muy bueno.<\/p>\n<p>Entre los centros,\u00a0<strong>Jer\u00f3nimo de la Fuente<\/strong>\u00a0se consolid\u00f3 en 2019 como n\u00famero 12 indiscutido y capit\u00e1n de Jaguares. A su lado,\u00a0<strong>Mat\u00edas Orlando\u00a0<\/strong>potenci\u00f3 su juego y las grandes actuaciones de\u00a0<strong>Mat\u00edas Moroni\u00a0<\/strong>dejaron al rojo vivo la competencia interna. A \u00faltimo momento y luego de un gran a\u00f1o con Argentina XV primero y luego por una buena tarea ante Sud\u00e1frica en el \u00faltimo amistoso,\u00a0<strong>Lucas Mensa,\u00a0<\/strong>se sum\u00f3 al grupo.<\/p>\n<p>Los tres del fondo tienen algunos nombres que no dejan dudas:\u00a0<strong>Ramiro Moyano, Joaqu\u00edn Tuculet y Emiliano Boffelli<\/strong>\u00a0se ganaron su lugar. Y a la hora de elegir entre las otras opciones, la decisi\u00f3n no fue sencilla:\u00a0<strong>Santiago Cordero\u00a0<\/strong>jug\u00f3 una estupenda temporada en Exeter (luego del Mundial jugar\u00e1 en Bordeaux), pero sus actuaciones no terminaron de convencer al entrenador. Por su parte,\u00a0<strong>Bautista Delguy\u00a0<\/strong>fue la gran revelaci\u00f3n de los \u00faltimos dos a\u00f1os, pero la lesi\u00f3n en el tobillo que le demand\u00f3 m\u00e1s tiempo de recuperaci\u00f3n de lo previsto lo transformaron en una inc\u00f3gnita: su vuelta en Jaguares XV le permiti\u00f3 sumar ritmo y recuperar la confianza.<\/p>\n<p>Por sus polifuncionalidades, los que se ganaron un lugar fueron\u00a0<strong>Santiago Carreras\u00a0<\/strong>y\u00a0<strong>Juan Cruz Mall\u00eda,\u00a0<\/strong>dos que sumaron minutos con Jaguares XV y entraron a \u00faltimo momento, por delante de Cordero y Cancelliere.<\/p>\n<p><strong>Lista para el Mundial:<\/strong><\/p>\n<p><strong>Forwards (17)<\/strong>:<br \/>\nMayco Vivas (Pilar, Jaguares)<br \/>\nNahuel Tetaz Chaparro (Pilar, Jaguares)<br \/>\nJuan Figallo (Pilar, Saracens)<br \/>\nSantiago Medrano (Pilar, Jaguares)<br \/>\nEnrique Pieretto (Pilar, Jaguares)<br \/>\nAgust\u00edn Creevy (Hooker, Jaguares)<br \/>\nJuli\u00e1n Montoya (Hooker, Jaguares)<br \/>\nSantiago Socino (Hooker, Jaguares)<br \/>\nMat\u00edas Alemanno (Segunda l\u00ednea, Jaguares)<br \/>\nTom\u00e1s Lavanini (Segunda l\u00ednea, Jaguares)<br \/>\nGuido Petti (Segunda l\u00ednea, Jaguares)<br \/>\nMarcos Kremer (Segunda\/Tercera l\u00ednea, Jaguares)<br \/>\nJuan Manuel Leguizam\u00f3n (Tercera l\u00ednea, Jaguares)<br \/>\nTom\u00e1s Lezana (Tercera l\u00ednea, Jaguares)<br \/>\nPablo Matera (Tercera l\u00ednea, Jaguares) &#8211; Capit\u00e1n<br \/>\nJavier Ortega Desio (Tercera l\u00ednea, Jaguares)<br \/>\nRodrigo Bruni (Tercera l\u00ednea, Jaguares)<\/p>\n<p><strong>Backs (14)<\/strong>:<br \/>\nTom\u00e1s Cubelli (Medio scrum, Jaguares)<br \/>\nFelipe Ezcurra (Medio scrum, Jaguares)<br \/>\nNicol\u00e1s S\u00e1nchez (Apertura, Stade Francais)<br \/>\nBenjam\u00edn Urdapilleta (Apertura, Castres)<br \/>\nJer\u00f3nimo de la Fuente (Centro, Jaguares)<br \/>\nMat\u00edas Orlando (Centro, Jaguares)<br \/>\nMat\u00edas Moroni (Centro\/wing, Jaguares)<br \/>\nLucas Mensa (Centro, Pucar\u00e1)<br \/>\nJuan Cruz Mall\u00eda (Centro, Jaguares)<br \/>\nRamiro Moyano (Wing, Jaguares)<br \/>\nSantiago Carreras (Wing\/Fullback, Jaguares)<br \/>\nBautista Delguy (Wing, Jaguares)<br \/>\nJoaqu\u00edn Tuculet (Fullback, Jaguares)<br \/>\nEmiliano Boffelli (Fullback, Jaguares).<\/p>\n<p>EL DEBUT<\/p>\n<p>El debut ser\u00e1 el 21 de septiembre, ante Francia en Tokio. \u00abFrancia es el horizonte porque es el primero. Pero no es ni el principio ni el fin del mundo. Siempre ten\u00e9s que tener en cuenta el punto de partida, no que sea una llegada. Nuestra huella digital es &#8216;siempre empiezo'\u00bb, dijo Ledesma. Previamente los Pumas har\u00e1n una preparaci\u00f3n en Sydney, hacia donde partir\u00e1n el viernes 30, jugar\u00e1n un amistoso ante el club Randwick antes de partir a Jap\u00f3n el mi\u00e9rcoles 11 de septiembre.<\/p>\n<div class=\"row pb-content-type-text\">\n<div class=\"col-xs-12 col-print-12\">\n<p class=\"element element-paragraph\"><strong>FIXTURE<\/strong><\/p>\n<\/div>\n<\/div>\n<div class=\"row pb-content-type-text\">\n<div class=\"col-xs-12 col-print-12\">\n<p class=\"element element-paragraph\">21\/9 4.15 (hora argentina)\u00a0<strong>Francia vs Argentina<\/strong><br \/>\nTokyo Stadium<\/p>\n<\/div>\n<\/div>\n<div class=\"row pb-content-type-text\">\n<div class=\"col-xs-12 col-print-12\">\n<p class=\"element element-paragraph\">28\/9 1.45\u00a0<strong>Argentina vs Tonga<\/strong><br \/>\nHanazono Rugby Stadium de Osaka<\/p>\n<\/div>\n<\/div>\n<div class=\"row pb-content-type-text\">\n<div class=\"col-xs-12 col-print-12\">\n<p class=\"element element-paragraph\">5\/10 5.00<strong>\u00a0Inglaterra vs Argentina<\/strong><br \/>\nTokyo Stadium<\/p>\n<\/div>\n<\/div>\n<div class=\"row pb-content-type-text\">\n<div class=\"col-xs-12 col-print-12\">\n<p class=\"element element-paragraph\">9\/10 1.45\u00a0<strong>Argentina vs Estados Unidos<\/strong><br \/>\nPrefectural Kumagaya Rugby Ground.<\/p>\n<p class=\"element element-paragraph\">Fuente: Scrum y La Naci\u00f3n.<\/p>\n<\/div>\n<\/div>\n","protected":false},"excerpt":{"rendered":"<p>Mario Ledesma finalmente revel\u00f3 el plantel de jugadores que representar\u00e1n la ilusi\u00f3n argentina en el Mundial de Jap\u00f3n y vestir\u00e1n<\/p>\n","protected":false},"author":2,"featured_media":18655,"comment_status":"open","ping_status":"open","sticky":false,"template":"","format":"standard","meta":{"footnotes":""},"categories":[24,2],"tags":[],"class_list":["post-18654","post","type-post","status-publish","format-standard","has-post-thumbnail","hentry","category-noticias-destacadas","category-rugby"],"cc_featured_image_caption":{"caption_text":"","source_text":"","source_url":""},"_links":{"self":[{"href":"https:\/\/todoapulmon-rafaela.com\/index.php\/wp-json\/wp\/v2\/posts\/18654"}],"collection":[{"href":"https:\/\/todoapulmon-rafaela.com\/index.php\/wp-json\/wp\/v2\/posts"}],"about":[{"href":"https:\/\/todoapulmon-rafaela.com\/index.php\/wp-json\/wp\/v2\/types\/post"}],"author":[{"embeddable":true,"href":"https:\/\/todoapulmon-rafaela.com\/index.php\/wp-json\/wp\/v2\/users\/2"}],"replies":[{"embeddable":true,"href":"https:\/\/todoapulmon-rafaela.com\/index.php\/wp-json\/wp\/v2\/comments?post=18654"}],"version-history":[{"count":2,"href":"https:\/\/todoapulmon-rafaela.com\/index.php\/wp-json\/wp\/v2\/posts\/18654\/revisions"}],"predecessor-version":[{"id":18657,"href":"https:\/\/todoapulmon-rafaela.com\/index.php\/wp-json\/wp\/v2\/posts\/18654\/revisions\/18657"}],"wp:featuredmedia":[{"embeddable":true,"href":"https:\/\/todoapulmon-rafaela.com\/index.php\/wp-json\/wp\/v2\/media\/18655"}],"wp:attachment":[{"href":"https:\/\/todoapulmon-rafaela.com\/index.php\/wp-json\/wp\/v2\/media?parent=18654"}],"wp:term":[{"taxonomy":"category","embeddable":true,"href":"https:\/\/todoapulmon-rafaela.com\/index.php\/wp-json\/wp\/v2\/categories?post=18654"},{"taxonomy":"post_tag","embeddable":true,"href":"https:\/\/todoapulmon-rafaela.com\/index.php\/wp-json\/wp\/v2\/tags?post=18654"}],"curies":[{"name":"wp","href":"https:\/\/api.w.org\/{rel}","templated":true}]}}