{"id":18618,"date":"2019-08-17T12:11:31","date_gmt":"2019-08-17T12:11:31","guid":{"rendered":"http:\/\/todoapulmon-rafaela.com\/?p=18618"},"modified":"2019-08-17T12:39:20","modified_gmt":"2019-08-17T12:39:20","slug":"varios-bikers-rafaelinos-en-el-trasmontana","status":"publish","type":"post","link":"https:\/\/todoapulmon-rafaela.com\/index.php\/2019\/08\/17\/varios-bikers-rafaelinos-en-el-trasmontana\/","title":{"rendered":"Varios bikers rafaelinos en el Trasmonta\u00f1a"},"content":{"rendered":"<p>La 26\u00aa edici\u00f3n del Trasmonta\u00f1a, emblem\u00e1tica competencia de mountain bike por parejas, se correr\u00e1 este domingo en Tucum\u00e1n. En esta oportunidad se estima que estar\u00e1n presentes unos 3.500 protagonistas, muchos de ellos de nuestra ciudad y zona aleda\u00f1a.<\/p>\n<p>Estas ser\u00e1n algunos de los binomios con presencia rafaelina y representando tambi\u00e9n a la provincia de Santa Fe:<\/p>\n<p>Luisina Simondi (AXS)\/ Vanesa Rolle (AXS) Santa Fe \/ C\u00f3rdoba\u00a0Damas Elite.<\/p>\n<p>Eric Willener (L)\/ Norberto Willener (XL)\u00a0Santa Fe \/ Santa Fe\u00a0Padres e Hijos C<\/p>\n<div class=\"text_exposed_show\">\n<div class=\"td w392\">\n<div class=\"td w392\">\n<div class=\"td w392\">Ra\u00fal Durando (M)\/ Juan Oscar Peralta (L) Santa Fe \/ C\u00f3rdoba\u00a0Master D2<\/div>\n<div class=\"td w392\">\n<div class=\"td w392\">Juan Schnidrig (M)\/ Oscar Abelda\u00f1o (M) Santa Fe \/ Santa Fe Master C1<\/div>\n<div class=\"td w392\">\n<div class=\"td w392\">Horacio Heinzmann (M)\/ Pablo Schnidrig (M) Santa Fe \/ Santa Fe Master B2<\/div>\n<div class=\"td w392\">\n<div class=\"td w392\">C\u00e9sar Bogunovich (L)\/ C\u00e9sar Bonetto (M) Santa Fe \/ Santa Fe Master B2<\/div>\n<div class=\"td w392\">\n<div class=\"td w392\">Diego Drubich (AM)\/ Rom\u00e1n Massei (AM) Santa Fe \/ C\u00f3rdoba\u00a0Master B2<\/div>\n<div class=\"td w392\">\n<div class=\"td w392\">Mat\u00edas Vilches (L)\/ Diego Compagnucci (L) Santa Fe \/ Santa Fe Master B1<\/div>\n<div class=\"td w392\">\n<div class=\"td w392\">Joaqu\u00edn Roca (M)\/ Matias Dominino (M)\u00a0Santa Fe \/ Santa Fe\u00a0Mayores B<\/div>\n<div class=\"td w392\">\n<div class=\"td w392\">Alejandro Palmero (M)\/ Daniel Schmidt (M) Santa Fe \/ Santa Fe\u00a0Mayores B<\/div>\n<div class=\"td w392\">\n<div class=\"td w392\">Cristian Pernuzzi (AS)\/ J. Guido Bordese (AS) Santa Fe \/ Santa Fe\u00a0Juveniles<\/div>\n<div class=\"td w392\">\n<div class=\"td w392\">Germ\u00e1n Leandri (M)\/ Nildo Avila (M)\u00a0Santa Fe \/ Santa Fe\u00a0Elite<\/div>\n<\/div>\n<\/div>\n<\/div>\n<\/div>\n<\/div>\n<\/div>\n<\/div>\n<\/div>\n<\/div>\n<\/div>\n<\/div>\n<\/div>\n","protected":false},"excerpt":{"rendered":"<p>La 26\u00aa edici\u00f3n del Trasmonta\u00f1a, emblem\u00e1tica competencia de mountain bike por parejas, se correr\u00e1 este domingo en Tucum\u00e1n. En esta<\/p>\n","protected":false},"author":2,"featured_media":18619,"comment_status":"open","ping_status":"open","sticky":false,"template":"","format":"standard","meta":{"footnotes":""},"categories":[4,24],"tags":[],"class_list":["post-18618","post","type-post","status-publish","format-standard","has-post-thumbnail","hentry","category-ciclismo","category-noticias-destacadas"],"cc_featured_image_caption":{"caption_text":"","source_text":"","source_url":""},"_links":{"self":[{"href":"https:\/\/todoapulmon-rafaela.com\/index.php\/wp-json\/wp\/v2\/posts\/18618"}],"collection":[{"href":"https:\/\/todoapulmon-rafaela.com\/index.php\/wp-json\/wp\/v2\/posts"}],"about":[{"href":"https:\/\/todoapulmon-rafaela.com\/index.php\/wp-json\/wp\/v2\/types\/post"}],"author":[{"embeddable":true,"href":"https:\/\/todoapulmon-rafaela.com\/index.php\/wp-json\/wp\/v2\/users\/2"}],"replies":[{"embeddable":true,"href":"https:\/\/todoapulmon-rafaela.com\/index.php\/wp-json\/wp\/v2\/comments?post=18618"}],"version-history":[{"count":3,"href":"https:\/\/todoapulmon-rafaela.com\/index.php\/wp-json\/wp\/v2\/posts\/18618\/revisions"}],"predecessor-version":[{"id":18622,"href":"https:\/\/todoapulmon-rafaela.com\/index.php\/wp-json\/wp\/v2\/posts\/18618\/revisions\/18622"}],"wp:featuredmedia":[{"embeddable":true,"href":"https:\/\/todoapulmon-rafaela.com\/index.php\/wp-json\/wp\/v2\/media\/18619"}],"wp:attachment":[{"href":"https:\/\/todoapulmon-rafaela.com\/index.php\/wp-json\/wp\/v2\/media?parent=18618"}],"wp:term":[{"taxonomy":"category","embeddable":true,"href":"https:\/\/todoapulmon-rafaela.com\/index.php\/wp-json\/wp\/v2\/categories?post=18618"},{"taxonomy":"post_tag","embeddable":true,"href":"https:\/\/todoapulmon-rafaela.com\/index.php\/wp-json\/wp\/v2\/tags?post=18618"}],"curies":[{"name":"wp","href":"https:\/\/api.w.org\/{rel}","templated":true}]}}