{"id":18599,"date":"2019-08-15T17:27:10","date_gmt":"2019-08-15T17:27:10","guid":{"rendered":"http:\/\/todoapulmon-rafaela.com\/?p=18599"},"modified":"2019-08-15T17:27:10","modified_gmt":"2019-08-15T17:27:10","slug":"yoel-vargas-fue-13o-en-el-scratch-del-mundial","status":"publish","type":"post","link":"https:\/\/todoapulmon-rafaela.com\/index.php\/2019\/08\/15\/yoel-vargas-fue-13o-en-el-scratch-del-mundial\/","title":{"rendered":"Yoel Vargas fue 13\u00ba en el scratch del Mundial"},"content":{"rendered":"<p>Este jueves se desarroll\u00f3 la competencia del scratch en el Campeonato Mundial Junior de ciclismo de pista que se desarrolla en Frankfurt, donde el rafaelino Yoel Vargas logr\u00f3 meterse en la final.<\/p>\n<p>Por la ma\u00f1ana, el representante del Club Ciclista de Rafaela consigui\u00f3 ubicarse 12\u00ba para as\u00ed asegurar su pasaje. La serie (hubo 2) hab\u00eda sido ganada por el coreano Young Kyun Park.<\/p>\n<p>En la final intervinieron 24 corredores con triunfo del dinamarqu\u00e9s Benjamin Hertz, segundo se ubic\u00f3 el colombiano Anderson Arboleda y tercero el chileno Jacob Decar Zu\u00f1iga. Vargas finaliz\u00f3 decimotercero.<\/p>\n<p>Recordemos que el campeonato se extiende hasta el domingo 18 y que adem\u00e1s de Vargas, participa el bonaerense Rodrigo Corro como \u00fanicos representantes de Argentina, bajo la direcci\u00f3n t\u00e9cnica de Walter P\u00e9rez.<\/p>\n<p>&nbsp;<\/p>\n","protected":false},"excerpt":{"rendered":"<p>Este jueves se desarroll\u00f3 la competencia del scratch en el Campeonato Mundial Junior de ciclismo de pista que se desarrolla<\/p>\n","protected":false},"author":2,"featured_media":18600,"comment_status":"open","ping_status":"open","sticky":false,"template":"","format":"standard","meta":{"footnotes":""},"categories":[4,24],"tags":[],"class_list":["post-18599","post","type-post","status-publish","format-standard","has-post-thumbnail","hentry","category-ciclismo","category-noticias-destacadas"],"cc_featured_image_caption":{"caption_text":"","source_text":"","source_url":""},"_links":{"self":[{"href":"https:\/\/todoapulmon-rafaela.com\/index.php\/wp-json\/wp\/v2\/posts\/18599"}],"collection":[{"href":"https:\/\/todoapulmon-rafaela.com\/index.php\/wp-json\/wp\/v2\/posts"}],"about":[{"href":"https:\/\/todoapulmon-rafaela.com\/index.php\/wp-json\/wp\/v2\/types\/post"}],"author":[{"embeddable":true,"href":"https:\/\/todoapulmon-rafaela.com\/index.php\/wp-json\/wp\/v2\/users\/2"}],"replies":[{"embeddable":true,"href":"https:\/\/todoapulmon-rafaela.com\/index.php\/wp-json\/wp\/v2\/comments?post=18599"}],"version-history":[{"count":1,"href":"https:\/\/todoapulmon-rafaela.com\/index.php\/wp-json\/wp\/v2\/posts\/18599\/revisions"}],"predecessor-version":[{"id":18601,"href":"https:\/\/todoapulmon-rafaela.com\/index.php\/wp-json\/wp\/v2\/posts\/18599\/revisions\/18601"}],"wp:featuredmedia":[{"embeddable":true,"href":"https:\/\/todoapulmon-rafaela.com\/index.php\/wp-json\/wp\/v2\/media\/18600"}],"wp:attachment":[{"href":"https:\/\/todoapulmon-rafaela.com\/index.php\/wp-json\/wp\/v2\/media?parent=18599"}],"wp:term":[{"taxonomy":"category","embeddable":true,"href":"https:\/\/todoapulmon-rafaela.com\/index.php\/wp-json\/wp\/v2\/categories?post=18599"},{"taxonomy":"post_tag","embeddable":true,"href":"https:\/\/todoapulmon-rafaela.com\/index.php\/wp-json\/wp\/v2\/tags?post=18599"}],"curies":[{"name":"wp","href":"https:\/\/api.w.org\/{rel}","templated":true}]}}