{"id":18568,"date":"2019-08-12T20:48:37","date_gmt":"2019-08-12T20:48:37","guid":{"rendered":"http:\/\/todoapulmon-rafaela.com\/?p=18568"},"modified":"2019-08-12T20:48:37","modified_gmt":"2019-08-12T20:48:37","slug":"listos-para-el-mundial-en-alemania","status":"publish","type":"post","link":"https:\/\/todoapulmon-rafaela.com\/index.php\/2019\/08\/12\/listos-para-el-mundial-en-alemania\/","title":{"rendered":"Listos para el Mundial en Alemania"},"content":{"rendered":"<p>El ciclista rafaelino Yoel Vargas, junto al bonaerense Rodrigo Corro, tuvieron este lunes su primer contacto con el vel\u00f3dromo de Frankfurt, donde entre el mi\u00e9rcoles y domingo se llevar\u00e1 a cabo el Campeonato Mundial Junior de ciclismo de pista.<\/p>\n<p>\u201cCoto\u201d y su compa\u00f1ero oriundo de la ciudad de 9 de Julio se encuentran a las \u00f3rdenes del entrenador Walter P\u00e9rez. Todav\u00eda no est\u00e1n definidas las especialidades a realizar por parte de los chicos, aunque es muy factible que Vargas est\u00e9 comenzando el mi\u00e9rcoles con el scratch, especialidad en la que fue s\u00e9ptimo el a\u00f1o pasado en el Mundial realizado en Suiza.<\/p>\n<p>\u201cHoy fue un reconocimiento el que hicimos. La pista es linda, aqu\u00ed hace mucho calor, pero vamos a tratar de dar todo y disfrutar de este nuevo Mundial\u201d, expres\u00f3 Yoel ante nuestra consulta sobre sus primeras impresiones en territorio alem\u00e1n.<\/p>\n<p>EL ESCENARIO<\/p>\n<p><span style=\"color: #333333\"><span style=\"font-family: verdana, sans-serif\"><span style=\"font-size: small\">En el recinto, de 250 metros de cuerda, en madera, con un peralte entre 13,5 y 41,5 grados, y un aforo de poco m\u00e1s de un millar de espectadores, s<b>e podr\u00e1n en juego los veinte t\u00edtulos, diez por cada sexo<\/b>: contrarreloj (Kil\u00f3metro\/500 metros), velocidad individual y por equipos, keirin, persecuci\u00f3n individual y por equipos, scratch, puntuaci\u00f3n, madison y \u00f3mnium.<\/span><\/span><\/span><\/p>\n<p><span style=\"color: #333333\"><span style=\"font-family: verdana, sans-serif\"><span style=\"font-size: small\">A tenor de la\u00a0<b>preinscripci\u00f3n facilitada por la UCI<\/b>, y que deber\u00e1 ser confirmada ma\u00f1ana por la tarde en la reuni\u00f3n de directores, podr\u00eda llegar a haber hasta\u00a0<b>dos centenares de corredores de 43 pa\u00edses en las pruebas masculinas, y algo m\u00e1s de la mitad de corredoras de 37 naciones en las femeninas<\/b>.<\/span><\/span><\/span><\/p>\n<p align=\"justify\"><span style=\"color: #333333\"><span style=\"font-family: verdana, sans-serif\"><span style=\"font-size: small\"><b>Alemania domin\u00f3 en el pasado Mundial<\/b><\/span><\/span><\/span><span style=\"color: #333333\"><span style=\"font-family: verdana, sans-serif\"><span style=\"font-size: small\">, con siete medallas (4 oros y 3 bronces),<\/span><\/span><\/span><span style=\"color: #333333\"><span style=\"font-family: verdana, sans-serif\"><span style=\"font-size: small\"><b>por delante de Italia<\/b><\/span><\/span><\/span><span style=\"color: #333333\"><span style=\"font-family: verdana, sans-serif\"><span style=\"font-size: small\">, con 4 preseas, todas del m\u00e1ximo valor.<\/span><\/span><\/span><\/p>\n","protected":false},"excerpt":{"rendered":"<p>El ciclista rafaelino Yoel Vargas, junto al bonaerense Rodrigo Corro, tuvieron este lunes su primer contacto con el vel\u00f3dromo de<\/p>\n","protected":false},"author":2,"featured_media":18569,"comment_status":"open","ping_status":"open","sticky":false,"template":"","format":"standard","meta":{"footnotes":""},"categories":[4,24],"tags":[],"class_list":["post-18568","post","type-post","status-publish","format-standard","has-post-thumbnail","hentry","category-ciclismo","category-noticias-destacadas"],"cc_featured_image_caption":{"caption_text":"Rodrigo Corro y el rafaelino Yoel Vargas, los 2 representantes de Argentina en el Mundial.","source_text":"","source_url":""},"_links":{"self":[{"href":"https:\/\/todoapulmon-rafaela.com\/index.php\/wp-json\/wp\/v2\/posts\/18568"}],"collection":[{"href":"https:\/\/todoapulmon-rafaela.com\/index.php\/wp-json\/wp\/v2\/posts"}],"about":[{"href":"https:\/\/todoapulmon-rafaela.com\/index.php\/wp-json\/wp\/v2\/types\/post"}],"author":[{"embeddable":true,"href":"https:\/\/todoapulmon-rafaela.com\/index.php\/wp-json\/wp\/v2\/users\/2"}],"replies":[{"embeddable":true,"href":"https:\/\/todoapulmon-rafaela.com\/index.php\/wp-json\/wp\/v2\/comments?post=18568"}],"version-history":[{"count":1,"href":"https:\/\/todoapulmon-rafaela.com\/index.php\/wp-json\/wp\/v2\/posts\/18568\/revisions"}],"predecessor-version":[{"id":18570,"href":"https:\/\/todoapulmon-rafaela.com\/index.php\/wp-json\/wp\/v2\/posts\/18568\/revisions\/18570"}],"wp:featuredmedia":[{"embeddable":true,"href":"https:\/\/todoapulmon-rafaela.com\/index.php\/wp-json\/wp\/v2\/media\/18569"}],"wp:attachment":[{"href":"https:\/\/todoapulmon-rafaela.com\/index.php\/wp-json\/wp\/v2\/media?parent=18568"}],"wp:term":[{"taxonomy":"category","embeddable":true,"href":"https:\/\/todoapulmon-rafaela.com\/index.php\/wp-json\/wp\/v2\/categories?post=18568"},{"taxonomy":"post_tag","embeddable":true,"href":"https:\/\/todoapulmon-rafaela.com\/index.php\/wp-json\/wp\/v2\/tags?post=18568"}],"curies":[{"name":"wp","href":"https:\/\/api.w.org\/{rel}","templated":true}]}}