{"id":18562,"date":"2019-08-12T14:24:55","date_gmt":"2019-08-12T14:24:55","guid":{"rendered":"http:\/\/todoapulmon-rafaela.com\/?p=18562"},"modified":"2019-08-12T14:24:55","modified_gmt":"2019-08-12T14:24:55","slug":"almagro-fue-segundo-en-el-grand-prix-sub-15","status":"publish","type":"post","link":"https:\/\/todoapulmon-rafaela.com\/index.php\/2019\/08\/12\/almagro-fue-segundo-en-el-grand-prix-sub-15\/","title":{"rendered":"Almagro fue segundo en el Grand Prix Sub 15"},"content":{"rendered":"<p>El s\u00e1bado se disput\u00f3 el primer Grand Prix Sub 15 del torneo Clausura de la Asociaci\u00f3n Rafaelina de Voley, en las instalaciones de Sportivo Santa Clara. En la Zona A jugaron Uni\u00f3n Verde, Almagro Amarillo, Atl\u00e9tico Celeste, Libertad Amarillo y Brown de San Vicente. En la B1 lo hicieron el local Sportivo, Uni\u00f3n Blanco y Atl\u00e9tico Blanco, mientras que en la B2 estuvieron 9 de Julio, Almagro Azul y Libertad negro.<\/p>\n<p>Almagro amarillo tuvo una destacada labor, finalizando segundo, tras ganarle a Atl\u00e9tico Celeste 2 a 0 (25-15 y 25-15), a Brown 2 a 0 (25-8 y 25-12) y a Libertad 2 a 1 (23-25, 25-21 y 15-11), y perder ante Uni\u00f3n Verde 2 a 0 (25-18 y 25-15).<\/p>\n<p>Las posiciones finales fueron: 1) Uni\u00f3n Verde 11 puntos; 2) Almagro Amarillo 10; 3) Libertad Amarillo 9; 4) Atl\u00e9tico Celeste 8; 5) Brown 7; 6) 9 de Julio 6; 7) Sp. Santa Clara 5; 8) Libertad Negro 4; 9) Atl\u00e9tico Blanco 3; 10) Almagro Azul 2 y 11) Uni\u00f3n Blanco 1.<\/p>\n","protected":false},"excerpt":{"rendered":"<p>El s\u00e1bado se disput\u00f3 el primer Grand Prix Sub 15 del torneo Clausura de la Asociaci\u00f3n Rafaelina de Voley, en<\/p>\n","protected":false},"author":2,"featured_media":18563,"comment_status":"open","ping_status":"open","sticky":false,"template":"","format":"standard","meta":{"footnotes":""},"categories":[24,16],"tags":[],"class_list":["post-18562","post","type-post","status-publish","format-standard","has-post-thumbnail","hentry","category-noticias-destacadas","category-voley"],"cc_featured_image_caption":{"caption_text":"Almagro Amarillo, equipo dirigido por Pablo Colsani.","source_text":"","source_url":""},"_links":{"self":[{"href":"https:\/\/todoapulmon-rafaela.com\/index.php\/wp-json\/wp\/v2\/posts\/18562"}],"collection":[{"href":"https:\/\/todoapulmon-rafaela.com\/index.php\/wp-json\/wp\/v2\/posts"}],"about":[{"href":"https:\/\/todoapulmon-rafaela.com\/index.php\/wp-json\/wp\/v2\/types\/post"}],"author":[{"embeddable":true,"href":"https:\/\/todoapulmon-rafaela.com\/index.php\/wp-json\/wp\/v2\/users\/2"}],"replies":[{"embeddable":true,"href":"https:\/\/todoapulmon-rafaela.com\/index.php\/wp-json\/wp\/v2\/comments?post=18562"}],"version-history":[{"count":1,"href":"https:\/\/todoapulmon-rafaela.com\/index.php\/wp-json\/wp\/v2\/posts\/18562\/revisions"}],"predecessor-version":[{"id":18564,"href":"https:\/\/todoapulmon-rafaela.com\/index.php\/wp-json\/wp\/v2\/posts\/18562\/revisions\/18564"}],"wp:featuredmedia":[{"embeddable":true,"href":"https:\/\/todoapulmon-rafaela.com\/index.php\/wp-json\/wp\/v2\/media\/18563"}],"wp:attachment":[{"href":"https:\/\/todoapulmon-rafaela.com\/index.php\/wp-json\/wp\/v2\/media?parent=18562"}],"wp:term":[{"taxonomy":"category","embeddable":true,"href":"https:\/\/todoapulmon-rafaela.com\/index.php\/wp-json\/wp\/v2\/categories?post=18562"},{"taxonomy":"post_tag","embeddable":true,"href":"https:\/\/todoapulmon-rafaela.com\/index.php\/wp-json\/wp\/v2\/tags?post=18562"}],"curies":[{"name":"wp","href":"https:\/\/api.w.org\/{rel}","templated":true}]}}