{"id":18547,"date":"2019-08-10T12:33:30","date_gmt":"2019-08-10T12:33:30","guid":{"rendered":"http:\/\/todoapulmon-rafaela.com\/?p=18547"},"modified":"2019-08-10T12:33:30","modified_gmt":"2019-08-10T12:33:30","slug":"la-cada-certifico-el-circuito-de-los-21k-de-rafaela","status":"publish","type":"post","link":"https:\/\/todoapulmon-rafaela.com\/index.php\/2019\/08\/10\/la-cada-certifico-el-circuito-de-los-21k-de-rafaela\/","title":{"rendered":"La CADA certific\u00f3 el circuito de los 21k de Rafaela"},"content":{"rendered":"<p>El domingo 4 de agosto se realiz\u00f3 la medici\u00f3n del circuito de los 21k para la prueba \u00abDesaf\u00eda tus l\u00edmites\u00bb, la novena edici\u00f3n del homenaje a Daniel Tecla Far\u00edas, que se realizar\u00e1 el venidero 1 de septiembre en nuestra ciudad, con la organizaci\u00f3n de la Municipalidad de Rafaela.<\/p>\n<p>El encargado de realizar la tarea fue Edgardo Pailos, quien ha certificado el circuito de los 42k de Buenos Aires entre otros, juez Grado IAAF-AIMS:B. En su recorrido estuvo acompa\u00f1ado por Ariel Magallanes, Roc\u00edo Donnet, Rodrigo Visconti y el Subsecretario de Deportes, Leonardo Crosetti.<\/p>\n<p>En la confirmaci\u00f3n de la certificaci\u00f3n, muy importante para darle mayor relevancia a la prueba ya que las marcas de los runners tendr\u00e1n validez oficial, se menciona que la medici\u00f3n fue realizada con bicicleta calibrada con \u00abContador Jones\u00bb (art. 240.3).<\/p>\n<p>El certificado para el escenario tiene una validez de 5 a\u00f1os, pasado este per\u00edodo el circuito deber\u00e1 ser remedido. Asimismo, cualquier modificaci\u00f3n -por m\u00ednima que sea- anular\u00e1 el actual certificado y requerir\u00e1 una nueva medici\u00f3n.<img loading=\"lazy\" decoding=\"async\" class=\"alignnone size-medium wp-image-18549\" src=\"http:\/\/todoapulmon-rafaela.com\/wp-content\/uploads\/2019\/08\/P1350596_resultado-300x225.jpg\" alt=\"P1350596_resultado\" width=\"300\" height=\"225\" srcset=\"https:\/\/todoapulmon-rafaela.com\/wp-content\/uploads\/2019\/08\/P1350596_resultado-300x225.jpg 300w, https:\/\/todoapulmon-rafaela.com\/wp-content\/uploads\/2019\/08\/P1350596_resultado.jpg 1600w\" sizes=\"(max-width: 300px) 100vw, 300px\" \/><\/p>\n","protected":false},"excerpt":{"rendered":"<p>El domingo 4 de agosto se realiz\u00f3 la medici\u00f3n del circuito de los 21k para la prueba \u00abDesaf\u00eda tus l\u00edmites\u00bb,<\/p>\n","protected":false},"author":2,"featured_media":18548,"comment_status":"open","ping_status":"open","sticky":false,"template":"","format":"standard","meta":{"footnotes":""},"categories":[7,24],"tags":[],"class_list":["post-18547","post","type-post","status-publish","format-standard","has-post-thumbnail","hentry","category-atletismo","category-noticias-destacadas"],"cc_featured_image_caption":{"caption_text":"Pailos en la tarea de certificaci\u00f3n el pasado domingo.","source_text":"","source_url":""},"_links":{"self":[{"href":"https:\/\/todoapulmon-rafaela.com\/index.php\/wp-json\/wp\/v2\/posts\/18547"}],"collection":[{"href":"https:\/\/todoapulmon-rafaela.com\/index.php\/wp-json\/wp\/v2\/posts"}],"about":[{"href":"https:\/\/todoapulmon-rafaela.com\/index.php\/wp-json\/wp\/v2\/types\/post"}],"author":[{"embeddable":true,"href":"https:\/\/todoapulmon-rafaela.com\/index.php\/wp-json\/wp\/v2\/users\/2"}],"replies":[{"embeddable":true,"href":"https:\/\/todoapulmon-rafaela.com\/index.php\/wp-json\/wp\/v2\/comments?post=18547"}],"version-history":[{"count":1,"href":"https:\/\/todoapulmon-rafaela.com\/index.php\/wp-json\/wp\/v2\/posts\/18547\/revisions"}],"predecessor-version":[{"id":18550,"href":"https:\/\/todoapulmon-rafaela.com\/index.php\/wp-json\/wp\/v2\/posts\/18547\/revisions\/18550"}],"wp:featuredmedia":[{"embeddable":true,"href":"https:\/\/todoapulmon-rafaela.com\/index.php\/wp-json\/wp\/v2\/media\/18548"}],"wp:attachment":[{"href":"https:\/\/todoapulmon-rafaela.com\/index.php\/wp-json\/wp\/v2\/media?parent=18547"}],"wp:term":[{"taxonomy":"category","embeddable":true,"href":"https:\/\/todoapulmon-rafaela.com\/index.php\/wp-json\/wp\/v2\/categories?post=18547"},{"taxonomy":"post_tag","embeddable":true,"href":"https:\/\/todoapulmon-rafaela.com\/index.php\/wp-json\/wp\/v2\/tags?post=18547"}],"curies":[{"name":"wp","href":"https:\/\/api.w.org\/{rel}","templated":true}]}}