{"id":18478,"date":"2019-08-04T01:29:26","date_gmt":"2019-08-04T01:29:26","guid":{"rendered":"http:\/\/todoapulmon-rafaela.com\/?p=18478"},"modified":"2019-08-04T01:29:26","modified_gmt":"2019-08-04T01:29:26","slug":"linda-tarde-con-la-previa-de-los-21k","status":"publish","type":"post","link":"https:\/\/todoapulmon-rafaela.com\/index.php\/2019\/08\/04\/linda-tarde-con-la-previa-de-los-21k\/","title":{"rendered":"Linda tarde con la previa de los 21k"},"content":{"rendered":"<p class=\"x_MsoNormal\">Este s\u00e1bado, en Estanislao del Campo y Candiotti, se desarroll\u00f3 la previa del 21K \u201cCiudad de Rafaela\u201d con dos propuestas: una recreativa para chicos de 6 a 12 a\u00f1os, aprovechando el mes de la Infancia, y otra destinada al p\u00fablico en general con un circuito no competitivo de 4 y 8 kil\u00f3metros.<u><\/u><u><\/u><\/p>\n<p class=\"x_MsoNormal\"><u><\/u>\u00a0Al sector se acercaron grupos de familias y amigos para vivir una tarde diferente, con una actividad para el cuidado de la salud a trav\u00e9s de la pr\u00e1ctica deportiva.<u><\/u><u><\/u><\/p>\n<p class=\"x_MsoNormal\"><u><\/u>\u00a0La entrada fue libre y gratuita y, al final de la jornada, se entregaron premios y se hicieron sorteos. Recordemos que el evento estuvo organizado por la Municipalidad de Rafaela a trav\u00e9s de la Subsecretar\u00eda de Deportes.<u><\/u><u><\/u><\/p>\n<p class=\"x_MsoNormal\"><img loading=\"lazy\" decoding=\"async\" class=\"alignnone size-medium wp-image-18480\" src=\"http:\/\/todoapulmon-rafaela.com\/wp-content\/uploads\/2019\/08\/P1350520_resultado-300x225.jpg\" alt=\"P1350520_resultado\" width=\"300\" height=\"225\" srcset=\"https:\/\/todoapulmon-rafaela.com\/wp-content\/uploads\/2019\/08\/P1350520_resultado-300x225.jpg 300w, https:\/\/todoapulmon-rafaela.com\/wp-content\/uploads\/2019\/08\/P1350520_resultado.jpg 1600w\" sizes=\"(max-width: 300px) 100vw, 300px\" \/><img loading=\"lazy\" decoding=\"async\" class=\"alignnone size-medium wp-image-18481\" src=\"http:\/\/todoapulmon-rafaela.com\/wp-content\/uploads\/2019\/08\/P1350522_resultado-300x225.jpg\" alt=\"P1350522_resultado\" width=\"300\" height=\"225\" srcset=\"https:\/\/todoapulmon-rafaela.com\/wp-content\/uploads\/2019\/08\/P1350522_resultado-300x225.jpg 300w, https:\/\/todoapulmon-rafaela.com\/wp-content\/uploads\/2019\/08\/P1350522_resultado.jpg 1600w\" sizes=\"(max-width: 300px) 100vw, 300px\" \/><\/p>\n<p class=\"x_MsoNormal\"><u><\/u>\u00a0<b>Todo listo para el 1\u00ba de septiembre<u><\/u><u><\/u><\/b><\/p>\n<p class=\"x_MsoNormal\">La 9\u00aa edici\u00f3n del medio Marat\u00f3n 21K \u00abCiudad de Rafaela\u00bb organizado por el municipio, se correr\u00e1 en nuestra ciudad el domingo 1\u00ba de septiembre en honor al profesor Daniel \u00abTecla\u00bb Far\u00edas.\u00a0<u><\/u>Las inscripciones se pueden realizar online (<a href=\"https:\/\/www.rafaela.gob.ar\/\" target=\"_blank\" rel=\"noopener noreferrer\">https:\/\/www.rafaela.gob.ar<\/a>) en el banner de 21K Rafaela 2019 que se encuentra en la parte inferior de la web, donde se podr\u00e1 completar la planilla correspondiente.<u><\/u><u><\/u><\/p>\n<p class=\"x_MsoNormal\"><u><\/u>\u00a0Adem\u00e1s, los interesados pueden inscribirse de manera personal acerc\u00e1ndose al 1\u00ba piso del municipio, en la Subsecretar\u00eda de Deportes, de lunes a viernes de 7:30 a 12:30.<u><\/u><u><\/u><\/p>\n<p class=\"x_MsoNormal\"><u><\/u>\u00a0Cabe recordar que los participantes deber\u00e1n presentar los aptos m\u00e9dicos deportivos. La intenci\u00f3n de la organizaci\u00f3n es concientizar e incentivar a que los corredores se realicen el chequeo correspondiente.<\/p>\n","protected":false},"excerpt":{"rendered":"<p>Este s\u00e1bado, en Estanislao del Campo y Candiotti, se desarroll\u00f3 la previa del 21K \u201cCiudad de Rafaela\u201d con dos propuestas:<\/p>\n","protected":false},"author":2,"featured_media":18479,"comment_status":"open","ping_status":"open","sticky":false,"template":"","format":"standard","meta":{"footnotes":""},"categories":[7,24],"tags":[],"class_list":["post-18478","post","type-post","status-publish","format-standard","has-post-thumbnail","hentry","category-atletismo","category-noticias-destacadas"],"cc_featured_image_caption":{"caption_text":"","source_text":"","source_url":""},"_links":{"self":[{"href":"https:\/\/todoapulmon-rafaela.com\/index.php\/wp-json\/wp\/v2\/posts\/18478"}],"collection":[{"href":"https:\/\/todoapulmon-rafaela.com\/index.php\/wp-json\/wp\/v2\/posts"}],"about":[{"href":"https:\/\/todoapulmon-rafaela.com\/index.php\/wp-json\/wp\/v2\/types\/post"}],"author":[{"embeddable":true,"href":"https:\/\/todoapulmon-rafaela.com\/index.php\/wp-json\/wp\/v2\/users\/2"}],"replies":[{"embeddable":true,"href":"https:\/\/todoapulmon-rafaela.com\/index.php\/wp-json\/wp\/v2\/comments?post=18478"}],"version-history":[{"count":1,"href":"https:\/\/todoapulmon-rafaela.com\/index.php\/wp-json\/wp\/v2\/posts\/18478\/revisions"}],"predecessor-version":[{"id":18482,"href":"https:\/\/todoapulmon-rafaela.com\/index.php\/wp-json\/wp\/v2\/posts\/18478\/revisions\/18482"}],"wp:featuredmedia":[{"embeddable":true,"href":"https:\/\/todoapulmon-rafaela.com\/index.php\/wp-json\/wp\/v2\/media\/18479"}],"wp:attachment":[{"href":"https:\/\/todoapulmon-rafaela.com\/index.php\/wp-json\/wp\/v2\/media?parent=18478"}],"wp:term":[{"taxonomy":"category","embeddable":true,"href":"https:\/\/todoapulmon-rafaela.com\/index.php\/wp-json\/wp\/v2\/categories?post=18478"},{"taxonomy":"post_tag","embeddable":true,"href":"https:\/\/todoapulmon-rafaela.com\/index.php\/wp-json\/wp\/v2\/tags?post=18478"}],"curies":[{"name":"wp","href":"https:\/\/api.w.org\/{rel}","templated":true}]}}