{"id":18365,"date":"2019-07-26T12:49:20","date_gmt":"2019-07-26T12:49:20","guid":{"rendered":"http:\/\/todoapulmon-rafaela.com\/?p=18365"},"modified":"2019-07-26T12:49:20","modified_gmt":"2019-07-26T12:49:20","slug":"crar-inicia-el-torneo-nivelatorio-visitando-a-crai","status":"publish","type":"post","link":"https:\/\/todoapulmon-rafaela.com\/index.php\/2019\/07\/26\/crar-inicia-el-torneo-nivelatorio-visitando-a-crai\/","title":{"rendered":"CRAR inicia el torneo Nivelatorio visitando a CRAI"},"content":{"rendered":"<p>Este s\u00e1bado se pondr\u00e1 en marcha el certamen oficial de damas de la Asociaci\u00f3n Santafesina de Hockey\u00a0con el cual finalizar\u00e1 la temporada. Se llamar\u00e1 Torneo Nivelatorio. Establecer\u00e1 el posicionamiento de los equipos santafesinos para el Dos Orillas (Zona Campeonato y Zona Est\u00edmulo) y para la competencia dom\u00e9stica del segundo semestre del pr\u00f3ximo a\u00f1o en sus distintas categor\u00edas (A y B). Se disputar\u00e1 a 11 fechas, todos contra todos y habr\u00e1 playoffs desde Primera a S\u00e9ptima Divisi\u00f3n entre los cuatro mejores en cada divisional.<\/p>\n<p>En esta primera jornada CRAR estar\u00e1 visitando a CRAI de Santa Fe en los horarios habituales, comenzando el partido de primera divisi\u00f3n a las 16.30. El equipo dirigido por Fabi\u00e1n Montesano tuvo una buena primera mitad de temporada en el Dos Orillas, que intentar\u00e1 ratificar en la segunda parte del a\u00f1o.<\/p>\n<p>Los dem\u00e1s partidos ser\u00e1n:\u00a0La Salle vs Universitario (en ASH); Atl\u00e9tico Franck vs Santa Fe RC (en SFRC);\u00a0El Quill\u00e1 vs Argentino SC (en CNEQ);\u00a0Banco vs El Quill\u00e1 \u201cB\u201d (en Banco);\u00a0Col\u00f3n vs Alma Juniors (en Esperanza).<\/p>\n<p>RESTO DEL FIXTURE<\/p>\n<p>Los dem\u00e1s partidos de CRAR ser\u00e1n: segunda fecha (3\/8), local vs. Atl\u00e9tico Franck.<\/p>\n<p>Tercera fecha (10\/8): local vs. Santa Fe RC.<\/p>\n<p>Cuarta fecha (17\/8): local vs. Alma Juniors.<\/p>\n<p>Quinta fecha (24\/8): visitante vs. El Quill\u00e1.<\/p>\n<p>Sexta fecha (31\/8): local vs. Universitario.<\/p>\n<p>S\u00e9ptima fecha (14\/9): local vs. Banco.<\/p>\n<p>Octava fecha (28\/9): local vs. El Quill\u00e1 B.<\/p>\n<p>Novena fecha (12\/10): local vs. Col\u00f3n.<\/p>\n<p>D\u00e9cima fecha (26\/10): visitante vs. Argentino de San Carlos.<\/p>\n<p>Und\u00e9cima fecha (9\/11): local vs. La Salle.<\/p>\n<p>&nbsp;<\/p>\n","protected":false},"excerpt":{"rendered":"<p>Este s\u00e1bado se pondr\u00e1 en marcha el certamen oficial de damas de la Asociaci\u00f3n Santafesina de Hockey\u00a0con el cual finalizar\u00e1<\/p>\n","protected":false},"author":2,"featured_media":18366,"comment_status":"open","ping_status":"open","sticky":false,"template":"","format":"standard","meta":{"footnotes":""},"categories":[3,24],"tags":[],"class_list":["post-18365","post","type-post","status-publish","format-standard","has-post-thumbnail","hentry","category-hockey","category-noticias-destacadas"],"cc_featured_image_caption":{"caption_text":"","source_text":"","source_url":""},"_links":{"self":[{"href":"https:\/\/todoapulmon-rafaela.com\/index.php\/wp-json\/wp\/v2\/posts\/18365"}],"collection":[{"href":"https:\/\/todoapulmon-rafaela.com\/index.php\/wp-json\/wp\/v2\/posts"}],"about":[{"href":"https:\/\/todoapulmon-rafaela.com\/index.php\/wp-json\/wp\/v2\/types\/post"}],"author":[{"embeddable":true,"href":"https:\/\/todoapulmon-rafaela.com\/index.php\/wp-json\/wp\/v2\/users\/2"}],"replies":[{"embeddable":true,"href":"https:\/\/todoapulmon-rafaela.com\/index.php\/wp-json\/wp\/v2\/comments?post=18365"}],"version-history":[{"count":1,"href":"https:\/\/todoapulmon-rafaela.com\/index.php\/wp-json\/wp\/v2\/posts\/18365\/revisions"}],"predecessor-version":[{"id":18367,"href":"https:\/\/todoapulmon-rafaela.com\/index.php\/wp-json\/wp\/v2\/posts\/18365\/revisions\/18367"}],"wp:featuredmedia":[{"embeddable":true,"href":"https:\/\/todoapulmon-rafaela.com\/index.php\/wp-json\/wp\/v2\/media\/18366"}],"wp:attachment":[{"href":"https:\/\/todoapulmon-rafaela.com\/index.php\/wp-json\/wp\/v2\/media?parent=18365"}],"wp:term":[{"taxonomy":"category","embeddable":true,"href":"https:\/\/todoapulmon-rafaela.com\/index.php\/wp-json\/wp\/v2\/categories?post=18365"},{"taxonomy":"post_tag","embeddable":true,"href":"https:\/\/todoapulmon-rafaela.com\/index.php\/wp-json\/wp\/v2\/tags?post=18365"}],"curies":[{"name":"wp","href":"https:\/\/api.w.org\/{rel}","templated":true}]}}