{"id":18358,"date":"2019-07-25T11:19:21","date_gmt":"2019-07-25T11:19:21","guid":{"rendered":"http:\/\/todoapulmon-rafaela.com\/?p=18358"},"modified":"2019-07-25T11:19:21","modified_gmt":"2019-07-25T11:19:21","slug":"maitena-dubas-en-el-preseleccionado-sub-14","status":"publish","type":"post","link":"https:\/\/todoapulmon-rafaela.com\/index.php\/2019\/07\/25\/maitena-dubas-en-el-preseleccionado-sub-14\/","title":{"rendered":"Maitena Dubas en el preseleccionado Sub 14"},"content":{"rendered":"<p>El lunes 29 de julio, a las 16 en cancha de El Quill\u00e1 de la capital provincial, comenzar\u00e1 a entrenar el preseleccionado Sub 14 de damas de la Asociaci\u00f3n Santafesina de Hockey de cara al Campeonato Nacional, previsto del 14 al 17 de noviembre en C\u00f3rdoba.<\/p>\n<p>En la lista de 24 jugadoras convocadas que ha informado la ASH se encuentra la rafaelina Maitena Dubas, jugadora del CRAR.<\/p>\n<p>Santa Fe logr\u00f3 el ascenso en el Regional NEA de la categor\u00eda que se disput\u00f3 hace algunas semanas en Rosario, dirigido por Tom\u00e1s Catt\u00e1neo.<\/p>\n<p>Este es el listado de convocadas:<\/p>\n<table border=\"0\" width=\"440\" cellspacing=\"0\" cellpadding=\"0\">\n<tbody>\n<tr>\n<td height=\"20\">N\u00b0<\/td>\n<td>Apellido<\/td>\n<td>Nombre<\/td>\n<td>Club<\/td>\n<\/tr>\n<tr>\n<td height=\"20\">1<\/td>\n<td>Brasca<\/td>\n<td>Delfina<\/td>\n<td>La Salle<\/td>\n<\/tr>\n<tr>\n<td height=\"20\">2<\/td>\n<td>Cecconi<\/td>\n<td>Valentina<\/td>\n<td>Banco Provincial<\/td>\n<\/tr>\n<tr>\n<td height=\"20\">3<\/td>\n<td>Celeri<\/td>\n<td>Lucia<\/td>\n<td>N\u00e1utico El Quilla<\/td>\n<\/tr>\n<tr>\n<td height=\"20\">4<\/td>\n<td>Charvey<\/td>\n<td>Regina<\/td>\n<td>N\u00e1utico El Quilla<\/td>\n<\/tr>\n<tr>\n<td height=\"20\">5<\/td>\n<td>Delmenico<\/td>\n<td>Luisina<\/td>\n<td>Banco Provincial<\/td>\n<\/tr>\n<tr>\n<td height=\"20\">6<\/td>\n<td>Depetris<\/td>\n<td>Emilia<\/td>\n<td>SFRC<\/td>\n<\/tr>\n<tr>\n<td height=\"20\">7<\/td>\n<td>Dubas<\/td>\n<td>Maitena<\/td>\n<td>CRAR<\/td>\n<\/tr>\n<tr>\n<td height=\"20\">8<\/td>\n<td>Favero<\/td>\n<td>Tessa<\/td>\n<td>CRAI<\/td>\n<\/tr>\n<tr>\n<td height=\"20\">9<\/td>\n<td>Fedele<\/td>\n<td>Agustina<\/td>\n<td>N\u00e1utico El Quilla<\/td>\n<\/tr>\n<tr>\n<td height=\"20\">10<\/td>\n<td>Ferrero<\/td>\n<td>Martina<\/td>\n<td>Argentino de San Carlos<\/td>\n<\/tr>\n<tr>\n<td height=\"20\">11<\/td>\n<td>Figueroa<\/td>\n<td>Maira<\/td>\n<td>Colon de Sta Fe<\/td>\n<\/tr>\n<tr>\n<td height=\"20\">12<\/td>\n<td>Fleisher<\/td>\n<td>Ema<\/td>\n<td>N\u00e1utico El Quilla<\/td>\n<\/tr>\n<tr>\n<td height=\"20\">13<\/td>\n<td>Garcia Rossi<\/td>\n<td>Morena<\/td>\n<td>Banco Provincial<\/td>\n<\/tr>\n<tr>\n<td height=\"20\">14<\/td>\n<td>Hernandorena<\/td>\n<td>Pilar<\/td>\n<td>Col\u00f3n de Sta Fe<\/td>\n<\/tr>\n<tr>\n<td height=\"20\">15<\/td>\n<td>Ledesma<\/td>\n<td>Carola<\/td>\n<td>CRAI<\/td>\n<\/tr>\n<tr>\n<td height=\"20\">16<\/td>\n<td>Lopez<\/td>\n<td>Delfina<\/td>\n<td>SFRC<\/td>\n<\/tr>\n<tr>\n<td height=\"20\">17<\/td>\n<td>Mayoraz<\/td>\n<td>Amparo<\/td>\n<td>SFRC<\/td>\n<\/tr>\n<tr>\n<td height=\"20\">18<\/td>\n<td>Mochiutti<\/td>\n<td>Renata<\/td>\n<td>SFRC<\/td>\n<\/tr>\n<tr>\n<td height=\"20\">19<\/td>\n<td>Morello<\/td>\n<td>Luna<\/td>\n<td>Banco Provincial<\/td>\n<\/tr>\n<tr>\n<td height=\"20\">20<\/td>\n<td>Obredor<\/td>\n<td>Victoria<\/td>\n<td>Universitario<\/td>\n<\/tr>\n<tr>\n<td height=\"20\">21<\/td>\n<td>Orellano<\/td>\n<td>Martina<\/td>\n<td>SFRC<\/td>\n<\/tr>\n<tr>\n<td height=\"20\">22<\/td>\n<td>Ponzo<\/td>\n<td>Julia<\/td>\n<td>N\u00e1utico El Quilla<\/td>\n<\/tr>\n<tr>\n<td height=\"20\">23<\/td>\n<td>Simoneit<\/td>\n<td>Sarina<\/td>\n<td>Alma Jrs<\/td>\n<\/tr>\n<tr>\n<td height=\"20\">24<\/td>\n<td>Simoneit<\/td>\n<td>Leonela<\/td>\n<td>Alma Jrs<\/td>\n<\/tr>\n<\/tbody>\n<\/table>\n","protected":false},"excerpt":{"rendered":"<p>El lunes 29 de julio, a las 16 en cancha de El Quill\u00e1 de la capital provincial, comenzar\u00e1 a entrenar<\/p>\n","protected":false},"author":2,"featured_media":18359,"comment_status":"open","ping_status":"open","sticky":false,"template":"","format":"standard","meta":{"footnotes":""},"categories":[3],"tags":[],"class_list":["post-18358","post","type-post","status-publish","format-standard","has-post-thumbnail","hentry","category-hockey"],"cc_featured_image_caption":{"caption_text":"","source_text":"","source_url":""},"_links":{"self":[{"href":"https:\/\/todoapulmon-rafaela.com\/index.php\/wp-json\/wp\/v2\/posts\/18358"}],"collection":[{"href":"https:\/\/todoapulmon-rafaela.com\/index.php\/wp-json\/wp\/v2\/posts"}],"about":[{"href":"https:\/\/todoapulmon-rafaela.com\/index.php\/wp-json\/wp\/v2\/types\/post"}],"author":[{"embeddable":true,"href":"https:\/\/todoapulmon-rafaela.com\/index.php\/wp-json\/wp\/v2\/users\/2"}],"replies":[{"embeddable":true,"href":"https:\/\/todoapulmon-rafaela.com\/index.php\/wp-json\/wp\/v2\/comments?post=18358"}],"version-history":[{"count":1,"href":"https:\/\/todoapulmon-rafaela.com\/index.php\/wp-json\/wp\/v2\/posts\/18358\/revisions"}],"predecessor-version":[{"id":18360,"href":"https:\/\/todoapulmon-rafaela.com\/index.php\/wp-json\/wp\/v2\/posts\/18358\/revisions\/18360"}],"wp:featuredmedia":[{"embeddable":true,"href":"https:\/\/todoapulmon-rafaela.com\/index.php\/wp-json\/wp\/v2\/media\/18359"}],"wp:attachment":[{"href":"https:\/\/todoapulmon-rafaela.com\/index.php\/wp-json\/wp\/v2\/media?parent=18358"}],"wp:term":[{"taxonomy":"category","embeddable":true,"href":"https:\/\/todoapulmon-rafaela.com\/index.php\/wp-json\/wp\/v2\/categories?post=18358"},{"taxonomy":"post_tag","embeddable":true,"href":"https:\/\/todoapulmon-rafaela.com\/index.php\/wp-json\/wp\/v2\/tags?post=18358"}],"curies":[{"name":"wp","href":"https:\/\/api.w.org\/{rel}","templated":true}]}}