{"id":18329,"date":"2019-07-22T18:36:29","date_gmt":"2019-07-22T18:36:29","guid":{"rendered":"http:\/\/todoapulmon-rafaela.com\/?p=18329"},"modified":"2019-07-22T18:36:29","modified_gmt":"2019-07-22T18:36:29","slug":"meli-gretter-y-su-chance-de-dos-medallas-en-los-panamericanos-de-lima","status":"publish","type":"post","link":"https:\/\/todoapulmon-rafaela.com\/index.php\/2019\/07\/22\/meli-gretter-y-su-chance-de-dos-medallas-en-los-panamericanos-de-lima\/","title":{"rendered":"Meli Gretter y su chance de dos medallas en los Panamericanos de Lima"},"content":{"rendered":"<div>El cuerpo t\u00e9cnico de la Selecci\u00f3n Argentina femenina de b\u00e1squet, hizo p\u00fablico el listado definitivo de doce jugadoras que representar\u00e1n al pa\u00eds en los Juegos Panamericanos de Lima 2019. Asimismo, el Comit\u00e9 Ol\u00edmpico Argentino hoy public\u00f3 la lista oficial de deportistas que tendr\u00e1 nuestro pa\u00eds, y Melisa Gretter ser\u00e1 la \u00fanica atleta rafaelina en la delegaci\u00f3n de 778 integrantes, entre atletas y oficiales. El dato significativo es que la jugadora de nuestra ciudad, actualmente en el Vera Cruz Campinas de Brasil, competir\u00e1 por dos medallas: el basquet convencional y el 3&#215;3.<\/div>\n<div><\/div>\n<div>La primera parte de la concentraci\u00f3n de \u00abLas Gigantes\u00bb lleg\u00f3 a su fin este domingo 21 de julio, cuando en el Templo del Rock las jugadoras de la Mayor se entrenaron por m\u00e1s de dos horas. Con esta sesi\u00f3n matutina, se completaron cinco jornadas ininterrumpidas de trabajo al mando del entrenador nacional, Leo Costa, quien fue acompa\u00f1ado por su asistente Juan Pablo Boadaz (DT del 3X3 para Lima) y el coach invitado, Mauricio Pedemonte (recordado en Rafaela por su paso por Ben Hur en el viejo TNA), campe\u00f3n con Quimsa de la \u00faltima Liga Nacional femenina.<\/div>\n<div><\/div>\n<div>Una vez culminado el quinto d\u00eda de entrenamientos, el cuerpo t\u00e9cnico llev\u00f3 a cabo el recorte de la lista para decretar cu\u00e1les de las dieciocho convocadas para la primera concentraci\u00f3n, ser\u00e1n las doce definitivas que viajen al Juego Panamericano. Este grupo viajar\u00e1 a Per\u00fa el d\u00eda mi\u00e9rcoles, para debutar el viernes 27 de julio en el 3X3. La modalidad 5X5 saltar\u00e1 al parquet reci\u00e9n el 6 de agosto, integrando Argentina el Grupo B que compartir\u00e1 con Estados Unidos, Islas V\u00edrgenes y Colombia.<\/div>\n<div><\/div>\n<div><strong>Lista de convocadas<\/strong><\/div>\n<div><strong>. Bases:<\/strong>\u00a0Melisa Gretter y Macarena Durso<\/div>\n<div><strong>. Escoltas:<\/strong>\u00a0D\u00e9bora Gonz\u00e1lez y Julieta Ale<\/div>\n<div><strong>. Aleras:<\/strong>\u00a0Natacha P\u00e9rez, Andrea Boquete y Victoria Llorente<\/div>\n<div><strong>. Ala Pivotes:<\/strong>\u00a0Julieta Mungo y Ornella Santana<\/div>\n<div><strong>. Pivotes:<\/strong>\u00a0Celia Fiorotto, Agostina Burani y Mara Marchizzotti.<\/div>\n<div><\/div>\n","protected":false},"excerpt":{"rendered":"<p>El cuerpo t\u00e9cnico de la Selecci\u00f3n Argentina femenina de b\u00e1squet, hizo p\u00fablico el listado definitivo de doce jugadoras que representar\u00e1n<\/p>\n","protected":false},"author":2,"featured_media":18330,"comment_status":"open","ping_status":"open","sticky":false,"template":"","format":"standard","meta":{"footnotes":""},"categories":[5,24],"tags":[],"class_list":["post-18329","post","type-post","status-publish","format-standard","has-post-thumbnail","hentry","category-basquet","category-noticias-destacadas"],"cc_featured_image_caption":{"caption_text":"","source_text":"","source_url":""},"_links":{"self":[{"href":"https:\/\/todoapulmon-rafaela.com\/index.php\/wp-json\/wp\/v2\/posts\/18329"}],"collection":[{"href":"https:\/\/todoapulmon-rafaela.com\/index.php\/wp-json\/wp\/v2\/posts"}],"about":[{"href":"https:\/\/todoapulmon-rafaela.com\/index.php\/wp-json\/wp\/v2\/types\/post"}],"author":[{"embeddable":true,"href":"https:\/\/todoapulmon-rafaela.com\/index.php\/wp-json\/wp\/v2\/users\/2"}],"replies":[{"embeddable":true,"href":"https:\/\/todoapulmon-rafaela.com\/index.php\/wp-json\/wp\/v2\/comments?post=18329"}],"version-history":[{"count":1,"href":"https:\/\/todoapulmon-rafaela.com\/index.php\/wp-json\/wp\/v2\/posts\/18329\/revisions"}],"predecessor-version":[{"id":18331,"href":"https:\/\/todoapulmon-rafaela.com\/index.php\/wp-json\/wp\/v2\/posts\/18329\/revisions\/18331"}],"wp:featuredmedia":[{"embeddable":true,"href":"https:\/\/todoapulmon-rafaela.com\/index.php\/wp-json\/wp\/v2\/media\/18330"}],"wp:attachment":[{"href":"https:\/\/todoapulmon-rafaela.com\/index.php\/wp-json\/wp\/v2\/media?parent=18329"}],"wp:term":[{"taxonomy":"category","embeddable":true,"href":"https:\/\/todoapulmon-rafaela.com\/index.php\/wp-json\/wp\/v2\/categories?post=18329"},{"taxonomy":"post_tag","embeddable":true,"href":"https:\/\/todoapulmon-rafaela.com\/index.php\/wp-json\/wp\/v2\/tags?post=18329"}],"curies":[{"name":"wp","href":"https:\/\/api.w.org\/{rel}","templated":true}]}}