{"id":18305,"date":"2019-07-21T21:33:13","date_gmt":"2019-07-21T21:33:13","guid":{"rendered":"http:\/\/todoapulmon-rafaela.com\/?p=18305"},"modified":"2019-07-21T21:33:13","modified_gmt":"2019-07-21T21:33:13","slug":"el-club-9-de-julio-celebro-sus-115-anos-e-inauguro-el-salon-de-usos-multiples","status":"publish","type":"post","link":"https:\/\/todoapulmon-rafaela.com\/index.php\/2019\/07\/21\/el-club-9-de-julio-celebro-sus-115-anos-e-inauguro-el-salon-de-usos-multiples\/","title":{"rendered":"El Club 9 de Julio celebr\u00f3 sus 115 a\u00f1os e inaugur\u00f3 el Sal\u00f3n de Usos M\u00faltiples"},"content":{"rendered":"<p class=\"x_MsoNormal\" align=\"center\"><b><i>El Intendente se refiri\u00f3 al crecimiento de la instituci\u00f3n y expres\u00f3: \u201cLas cosas m\u00e1s lindas que pasan en las instituciones se dan cuando est\u00e1 la humildad de reconocer a quienes vinieron antes y ver c\u00f3mo se desplegaba esa tela para homenajear a parte de los socios fundadores y a todos los que hicieron posible estos 115 a\u00f1os\u201d.<\/i><\/b><\/p>\n<p class=\"x_MsoNormal\">\u00a0El Le\u00f3n, uno de los clubes m\u00e1s populares de Rafaela, cumpli\u00f3 115 a\u00f1os de historia y lo celebr\u00f3 con una cena, el s\u00e1bado, en sus instalaciones. Adem\u00e1s, present\u00f3 en sociedad la nueva obra edilicia denominada \u201cSocios Fundadores\u201d.<\/p>\n<p class=\"x_MsoNormal\">Participaron de la misma m\u00e1s de seiscientos comensales y en representaci\u00f3n del municipio local se hicieron presentes el Intendente Luis Castellano y el Subsecretario de Deportes, Leonardo Crosetti.<\/p>\n<p class=\"x_MsoNormal\">Por lo que el club significa social y deportivamente, m\u00e1s all\u00e1 de lo futbol\u00edstico, los hinchas de \u201cJulienses\u201d tienen diferentes motivos para celebrar: 115 a\u00f1os de compromiso, dedicaci\u00f3n, esfuerzo y pasi\u00f3n, d\u00e1ndole lugar a much\u00edsima gente que se form\u00f3 deportiva y humanamente en la entidad que representa a innumerable cantidad de rafaelinos identificados con el Le\u00f3n.<\/p>\n<p class=\"x_MsoNormal\">La principal actividad de la entidad ubicada en pleno coraz\u00f3n de la ciudad es el F\u00fatbol, pero en la instituci\u00f3n tambi\u00e9n se practica Automodelismo, B\u00e1squet, Bochas, Gimnasia Art\u00edstica, Hockey, Kapap, Karate, Paddle, Pat\u00edn, Taekwondo, Tenis, V\u00f3ley y Zumba.<\/p>\n<p class=\"x_MsoNormal\">Estos 115 a\u00f1os encuentran a 9 de Julio bajo la presidencia de Hugo Morel, inaugurando un emprendimiento edilicio denominado Sal\u00f3n de Usos M\u00faltiples \u201cSocios Fundadores\u201d. En dicho lugar se concret\u00f3 la remodelaci\u00f3n de un espacio para sumar a la pr\u00e1ctica de las distintas actividades y para fines diversos.<\/p>\n<p class=\"x_MsoNormal\">El intendente Luis Castellano se refiri\u00f3 al crecimiento de la instituci\u00f3n y expres\u00f3: \u201cLas cosas m\u00e1s lindas que pasan en las instituciones se dan cuando est\u00e1 la humildad de reconocer a quienes vinieron antes y ver c\u00f3mo se desplegaba esa tela para homenajear a parte de los socios fundadores y a todos los que hicieron posible en estos 115 a\u00f1os, que 9 de Julio sea lo que es, siempre merece ese agradecimiento\u201d.<\/p>\n<p class=\"x_MsoNormal\">\u201cEsta Comisi\u00f3n est\u00e1 recolectando los frutos de tanto trabajo y la verdad que el p\u00fablico presente aqu\u00ed muestra que el \u201c9\u201d est\u00e1 vivo, que tiene apoyo, que tiene presente y que tiene un enorme futuro. Y eso quiero que lo sepan que lo van a tener con el Municipio, vamos a estar con toda nuestra estructura de trabajo para acompa\u00f1arlos en todo lo que sea posible porque el Club se lo merece\u201d, cerr\u00f3 el Intendente.<\/p>\n<p class=\"x_MsoNormal\">A su turno, el presidente de la instituci\u00f3n deportiva, Hugo Morel, agradeci\u00f3 \u201cesta muestra que la tomamos como una muestra de apoyo a la Comisi\u00f3n y a las Subscomisiones que est\u00e1n trabajando, que todos los d\u00edas dejan parte de su vida ac\u00e1. Quiero aprovechar para agradecer al gobierno municipal, al se\u00f1or Intendente por venir esta noche. Estamos trabajando mano a mano, hay un ida y vuelta permanente con el municipio. Gracias al Subsecretario de Deportes. Esto nos revitaliza y nos lleva de energ\u00eda para todo lo que viene\u201d.<\/p>\n<p class=\"x_MsoNormal\">\u201cNuestra instituci\u00f3n tiene una historia gloriosa que nos llena de orgullo. Diferentes etapas que fueron pasando, nos toca dar vuelta una p\u00e1gina y estar hoy festejando los 115 a\u00f1os y reinaugurando el sal\u00f3n social\u201d, finaliz\u00f3.<\/p>\n<p class=\"x_MsoNormal\">Fuente: prensa Municipalidad de Rafaela.<\/p>\n","protected":false},"excerpt":{"rendered":"<p>El Intendente se refiri\u00f3 al crecimiento de la instituci\u00f3n y expres\u00f3: \u201cLas cosas m\u00e1s lindas que pasan en las instituciones<\/p>\n","protected":false},"author":2,"featured_media":18306,"comment_status":"open","ping_status":"open","sticky":false,"template":"","format":"standard","meta":{"footnotes":""},"categories":[1],"tags":[],"class_list":["post-18305","post","type-post","status-publish","format-standard","has-post-thumbnail","hentry","category-sin-categoria"],"cc_featured_image_caption":{"caption_text":"El intendente Luis Castellano en un momento de su discurso, acompa\u00f1ado por Hugo Morel y Leonardo Crosetti.","source_text":"","source_url":""},"_links":{"self":[{"href":"https:\/\/todoapulmon-rafaela.com\/index.php\/wp-json\/wp\/v2\/posts\/18305"}],"collection":[{"href":"https:\/\/todoapulmon-rafaela.com\/index.php\/wp-json\/wp\/v2\/posts"}],"about":[{"href":"https:\/\/todoapulmon-rafaela.com\/index.php\/wp-json\/wp\/v2\/types\/post"}],"author":[{"embeddable":true,"href":"https:\/\/todoapulmon-rafaela.com\/index.php\/wp-json\/wp\/v2\/users\/2"}],"replies":[{"embeddable":true,"href":"https:\/\/todoapulmon-rafaela.com\/index.php\/wp-json\/wp\/v2\/comments?post=18305"}],"version-history":[{"count":1,"href":"https:\/\/todoapulmon-rafaela.com\/index.php\/wp-json\/wp\/v2\/posts\/18305\/revisions"}],"predecessor-version":[{"id":18307,"href":"https:\/\/todoapulmon-rafaela.com\/index.php\/wp-json\/wp\/v2\/posts\/18305\/revisions\/18307"}],"wp:featuredmedia":[{"embeddable":true,"href":"https:\/\/todoapulmon-rafaela.com\/index.php\/wp-json\/wp\/v2\/media\/18306"}],"wp:attachment":[{"href":"https:\/\/todoapulmon-rafaela.com\/index.php\/wp-json\/wp\/v2\/media?parent=18305"}],"wp:term":[{"taxonomy":"category","embeddable":true,"href":"https:\/\/todoapulmon-rafaela.com\/index.php\/wp-json\/wp\/v2\/categories?post=18305"},{"taxonomy":"post_tag","embeddable":true,"href":"https:\/\/todoapulmon-rafaela.com\/index.php\/wp-json\/wp\/v2\/tags?post=18305"}],"curies":[{"name":"wp","href":"https:\/\/api.w.org\/{rel}","templated":true}]}}