{"id":18271,"date":"2019-07-18T13:15:09","date_gmt":"2019-07-18T13:15:09","guid":{"rendered":"http:\/\/todoapulmon-rafaela.com\/?p=18271"},"modified":"2019-07-18T13:15:09","modified_gmt":"2019-07-18T13:15:09","slug":"el-ciclismo-adaptado-volvera-a-competir-en-rafaela","status":"publish","type":"post","link":"https:\/\/todoapulmon-rafaela.com\/index.php\/2019\/07\/18\/el-ciclismo-adaptado-volvera-a-competir-en-rafaela\/","title":{"rendered":"El Ciclismo Adaptado volver\u00e1 a competir en Rafaela"},"content":{"rendered":"<p>El venidero 28 de julio se realizar\u00e1 una fecha de la Copa Argentina de Ciclismo Adaptado en nuestra ciudad, a trav\u00e9s de la gesti\u00f3n del Club Ciclista de Rafaela. La programaci\u00f3n tendr\u00e1 el auspicio de la Comisi\u00f3n Asesora Municipal de Deportes.<\/p>\n<p>La actividad se complementar\u00e1 con ciclismo infantil y carrera de pelot\u00f3n con bici de mountain bike. El ciclismo adaptado tiene un calendario por distintos puntos del pa\u00eds y paulatinamente va sumando protagonistas. En nuestra ciudad el Club Ciclista cuenta actualmente con Lucas Negreira quien est\u00e1 obteniendo muy buenos resultados. Recordemos que Mariela Delgado es la principal referencia en la especialidad, pedalista misionera surgida del trabajo en la instituci\u00f3n con Norberto y Daniel Capella, y que actualmente est\u00e1 radicada en Buenos Aires.<\/p>\n","protected":false},"excerpt":{"rendered":"<p>El venidero 28 de julio se realizar\u00e1 una fecha de la Copa Argentina de Ciclismo Adaptado en nuestra ciudad, a<\/p>\n","protected":false},"author":2,"featured_media":18272,"comment_status":"open","ping_status":"open","sticky":false,"template":"","format":"standard","meta":{"footnotes":""},"categories":[4,24],"tags":[],"class_list":["post-18271","post","type-post","status-publish","format-standard","has-post-thumbnail","hentry","category-ciclismo","category-noticias-destacadas"],"cc_featured_image_caption":{"caption_text":"","source_text":"","source_url":""},"_links":{"self":[{"href":"https:\/\/todoapulmon-rafaela.com\/index.php\/wp-json\/wp\/v2\/posts\/18271"}],"collection":[{"href":"https:\/\/todoapulmon-rafaela.com\/index.php\/wp-json\/wp\/v2\/posts"}],"about":[{"href":"https:\/\/todoapulmon-rafaela.com\/index.php\/wp-json\/wp\/v2\/types\/post"}],"author":[{"embeddable":true,"href":"https:\/\/todoapulmon-rafaela.com\/index.php\/wp-json\/wp\/v2\/users\/2"}],"replies":[{"embeddable":true,"href":"https:\/\/todoapulmon-rafaela.com\/index.php\/wp-json\/wp\/v2\/comments?post=18271"}],"version-history":[{"count":1,"href":"https:\/\/todoapulmon-rafaela.com\/index.php\/wp-json\/wp\/v2\/posts\/18271\/revisions"}],"predecessor-version":[{"id":18273,"href":"https:\/\/todoapulmon-rafaela.com\/index.php\/wp-json\/wp\/v2\/posts\/18271\/revisions\/18273"}],"wp:featuredmedia":[{"embeddable":true,"href":"https:\/\/todoapulmon-rafaela.com\/index.php\/wp-json\/wp\/v2\/media\/18272"}],"wp:attachment":[{"href":"https:\/\/todoapulmon-rafaela.com\/index.php\/wp-json\/wp\/v2\/media?parent=18271"}],"wp:term":[{"taxonomy":"category","embeddable":true,"href":"https:\/\/todoapulmon-rafaela.com\/index.php\/wp-json\/wp\/v2\/categories?post=18271"},{"taxonomy":"post_tag","embeddable":true,"href":"https:\/\/todoapulmon-rafaela.com\/index.php\/wp-json\/wp\/v2\/tags?post=18271"}],"curies":[{"name":"wp","href":"https:\/\/api.w.org\/{rel}","templated":true}]}}