{"id":18220,"date":"2019-07-11T17:35:38","date_gmt":"2019-07-11T17:35:38","guid":{"rendered":"http:\/\/todoapulmon-rafaela.com\/?p=18220"},"modified":"2019-07-11T17:35:38","modified_gmt":"2019-07-11T17:35:38","slug":"las-hormigas-rumbo-al-mundial-de-tailandia","status":"publish","type":"post","link":"https:\/\/todoapulmon-rafaela.com\/index.php\/2019\/07\/11\/las-hormigas-rumbo-al-mundial-de-tailandia\/","title":{"rendered":"Las \u00abHormigas\u00bb rumbo al Mundial de Tailandia"},"content":{"rendered":"<p>Los entrenamientos y las concentraciones en el CeNARD finalizaron, el plantel qued\u00f3 definido, pas\u00f3 la sesi\u00f3n Media Day y lo que queda es volar hasta el sue\u00f1o mundialista. Nuestro seleccionado U19, \u00abLas Hormigas\u00bb, dejar\u00e1n el Centro Nacional de Alto Rendimiento deportivo a las 17:00, y desde las 21:30 de este jueves 11, partir\u00e1n rumbo a Bangkok, Tailandia, tierra donde se disputar\u00e1 la m\u00e1xima cita internacional de la categor\u00eda.<\/p>\n<p>La Argentina, con la rafaelina Candela Gentinetta y la lehmense Luc\u00eda Operto en su plantel, dirigida por Mariano Junco, ser\u00e1 de los primeros combinados nacionales en abordar al suelo asi\u00e1tico, y esto tiene sus justificaciones; habr\u00e1 que adaptar el sue\u00f1o y el cuerpo para la competencia en un pa\u00eds con 15 horas m\u00e1s de huso horario. Adem\u00e1s, las chicas que ya tuvieron pr\u00e1cticas formales de 5vs5 en Argentina, aprovechar\u00e1n la semana en Tailandia y jugar\u00e1n cuatro amistosos (Canad\u00e1, Estados Unidos, Colombia y Tailandia) antes de debutar el d\u00eda 20 de julio contra Mal\u00ed.<\/p>\n<p>Antes de dejar el CeNARD y viajar a disputar el Mundial U19, el entrenador nacional, Mariano Junco, dej\u00f3 sus sensaciones sobre lo que fue la preparaci\u00f3n: \u00abPodemos decir que el grupo se encuentra sano y con ganas de viajar. La preparaci\u00f3n fue muy buena, cumplimos con el plan de cada concentraci\u00f3n y logramos fortalecer al equipo, fundamentalmente en lo f\u00edsico con el seguimiento y control diario de nuestros preparadores f\u00edsicos, Federico Bernal y Florencia Bussolo\u00bb.<\/p>\n<p>Con respecto al ritmo de juego y la qu\u00edmica obtenida con las pr\u00e1cticas formales ante elencos masculinos, el head-coach de la Selecci\u00f3n analiz\u00f3: \u00abLlegamos con ritmo de juego real luego de los tres partidos amistosos disputados en la \u00faltima semana frente a equipos U19 masculinos, y nos apoyamos en el trabajo de Carlos Saggio para seguir creciendo en cuestiones grupales y emocionales de cara a la competencia\u00bb.<\/p>\n<p>Marcando los pasos a seguir en estos ocho d\u00edas pre-mundial que tendr\u00e1 Argentina en Tailandia, Junco explic\u00f3 para qu\u00e9 servir\u00e1n los cuatro amistosos frente a seleccionados de alto nivel: \u00abEn los juegos de fogueo vamos a buscar el ritmo de oposici\u00f3n real para nuestra propuesta, que desde la teor\u00eda ya est\u00e1 lograda, porque salimos de Buenos Aires sabiendo a qu\u00e9 queremos jugar y cu\u00e1les son nuestros puntos de apoyo para imponer nuestras metas de identidad en cada juego\u00bb. Para finalizar, agreg\u00f3: \u00abBuscaremos en estos partidos, con una rotaci\u00f3n equilibrada del plantel, encontrarnos jugando desde nuestra idea frente a equipos que luego podemos llegar a cruzar en el Mundial\u00bb.<\/p>\n<p>Delegaci\u00f3n que viajar\u00e1 a Tailandia: Florencia Chagas, Camila Su\u00e1rez, Sof\u00eda Acevedo, Sof\u00eda Wolf, Candela Gentinetta, Laila Raviolo, Martina Torres, Sol Castro, Victoria Gauna, Brenda Fontana, Mar\u00eda Victoria Fux y Luc\u00eda Operto. Acompa\u00f1an al equipo, Hernan Amaya (Coordinador de Selecciones), Mariano Junco (Entrenador principal), Manuel Anglese (Entrenador asistente), Florencia Bussolo (Preparadora f\u00edsica), Micaela Quesada (Kinesi\u00f3loga), y Rom\u00e1n Queiroz (Jefe de equipo).<\/p>\n<p>Agenda mundialista:<br \/>\n20\/7: Argentina &#8211; Mali (07.15* am)<br \/>\n21\/7: Argentina &#8211; B\u00e9lgica (09.00* am)<br \/>\n23\/7: Argentina &#8211; China (06.30* am)<\/p>\n<p>*Horario de Argentina.<\/p>\n<p>Fuente: sitio oficial de la CABB.<\/p>\n","protected":false},"excerpt":{"rendered":"<p>Los entrenamientos y las concentraciones en el CeNARD finalizaron, el plantel qued\u00f3 definido, pas\u00f3 la sesi\u00f3n Media Day y lo<\/p>\n","protected":false},"author":2,"featured_media":18221,"comment_status":"open","ping_status":"open","sticky":false,"template":"","format":"standard","meta":{"footnotes":""},"categories":[5,24],"tags":[],"class_list":["post-18220","post","type-post","status-publish","format-standard","has-post-thumbnail","hentry","category-basquet","category-noticias-destacadas"],"cc_featured_image_caption":{"caption_text":"El equipo y cuerpo t\u00e9cnico que viajar\u00e1 hacia el Mundial (foto Marcelo Figueras, prensa CABB).","source_text":"","source_url":""},"_links":{"self":[{"href":"https:\/\/todoapulmon-rafaela.com\/index.php\/wp-json\/wp\/v2\/posts\/18220"}],"collection":[{"href":"https:\/\/todoapulmon-rafaela.com\/index.php\/wp-json\/wp\/v2\/posts"}],"about":[{"href":"https:\/\/todoapulmon-rafaela.com\/index.php\/wp-json\/wp\/v2\/types\/post"}],"author":[{"embeddable":true,"href":"https:\/\/todoapulmon-rafaela.com\/index.php\/wp-json\/wp\/v2\/users\/2"}],"replies":[{"embeddable":true,"href":"https:\/\/todoapulmon-rafaela.com\/index.php\/wp-json\/wp\/v2\/comments?post=18220"}],"version-history":[{"count":1,"href":"https:\/\/todoapulmon-rafaela.com\/index.php\/wp-json\/wp\/v2\/posts\/18220\/revisions"}],"predecessor-version":[{"id":18222,"href":"https:\/\/todoapulmon-rafaela.com\/index.php\/wp-json\/wp\/v2\/posts\/18220\/revisions\/18222"}],"wp:featuredmedia":[{"embeddable":true,"href":"https:\/\/todoapulmon-rafaela.com\/index.php\/wp-json\/wp\/v2\/media\/18221"}],"wp:attachment":[{"href":"https:\/\/todoapulmon-rafaela.com\/index.php\/wp-json\/wp\/v2\/media?parent=18220"}],"wp:term":[{"taxonomy":"category","embeddable":true,"href":"https:\/\/todoapulmon-rafaela.com\/index.php\/wp-json\/wp\/v2\/categories?post=18220"},{"taxonomy":"post_tag","embeddable":true,"href":"https:\/\/todoapulmon-rafaela.com\/index.php\/wp-json\/wp\/v2\/tags?post=18220"}],"curies":[{"name":"wp","href":"https:\/\/api.w.org\/{rel}","templated":true}]}}