{"id":18204,"date":"2019-07-09T23:06:29","date_gmt":"2019-07-09T23:06:29","guid":{"rendered":"http:\/\/todoapulmon-rafaela.com\/?p=18204"},"modified":"2019-07-09T23:06:29","modified_gmt":"2019-07-09T23:06:29","slug":"rafaela-fue-cuarto-en-un-buen-provincial-de-mayores","status":"publish","type":"post","link":"https:\/\/todoapulmon-rafaela.com\/index.php\/2019\/07\/09\/rafaela-fue-cuarto-en-un-buen-provincial-de-mayores\/","title":{"rendered":"Rafaela fue cuarto en un buen Provincial de Mayores"},"content":{"rendered":"<p>Falt\u00f3 poco para que Rafaela pueda meterse en el podio del Provincial de Mayores realizado en G\u00e1lvez. El equipo dirigido por Mart\u00edn M\u00e9ndez cay\u00f3 este martes en el partido por el tercer y cuarto puesto ante el local Oeste Santafesino por 74 a 72. Los parciales fueron 21 a 17 para Oeste, 43 a 36 para Rafaela y 58 a 53 para el anfitri\u00f3n.<\/p>\n<p>Juan Cruz Bertero con 17 puntos, y Lautaro Marconetto con 15, fueron los principales anotadores del elenco de la ARB. Adem\u00e1s, Federico Serrano tambi\u00e9n tuvo doble d\u00edgito con 13 puntos. Guillermo Saavedra y Nicol\u00e1s Zurvera aportaron 7; Facundo Chiabotto 5; Santiago Caligaris 3; Franco Chiabotto y Luciano Volta 2; y Manuel Porporatto 1, mientras que no ingresaron Valentin Vazquez y Agust\u00edn Leonardi.<\/p>\n<p>Por el lado de Oeste hubo dos figuras excluyentes, Britos y Giletto, ambos con 22 puntos.<\/p>\n<p>Se fue un torneo sin dudas positivo para el representativo de la Asociaci\u00f3n Rafaelina, conformado con un 90 por ciento de los jugadores siendo parte del propio torneo, lo cual es sumamente valorable. Solo dos integrantes, formados en la competencia de la ARB, pero en otros destinos hoy como Manuel Porporatto (en Alma Juniors de Esperanza) y Guillermo Saavedra (en Atl\u00e9tico Tostado, el \u00fanico profesional del equipo), reforzaron la escuadra que cumpli\u00f3 el objetivo primario de avanzar a semifinales y jugar los cinco partidos.<\/p>\n","protected":false},"excerpt":{"rendered":"<p>Falt\u00f3 poco para que Rafaela pueda meterse en el podio del Provincial de Mayores realizado en G\u00e1lvez. El equipo dirigido<\/p>\n","protected":false},"author":2,"featured_media":18205,"comment_status":"open","ping_status":"open","sticky":false,"template":"","format":"standard","meta":{"footnotes":""},"categories":[5,24],"tags":[],"class_list":["post-18204","post","type-post","status-publish","format-standard","has-post-thumbnail","hentry","category-basquet","category-noticias-destacadas"],"cc_featured_image_caption":{"caption_text":"El equipo de la Asociaci\u00f3n Rafaelina que tuvo un buen torneo (foto prensa de la Federaci\u00f3n Santafesina).","source_text":"","source_url":""},"_links":{"self":[{"href":"https:\/\/todoapulmon-rafaela.com\/index.php\/wp-json\/wp\/v2\/posts\/18204"}],"collection":[{"href":"https:\/\/todoapulmon-rafaela.com\/index.php\/wp-json\/wp\/v2\/posts"}],"about":[{"href":"https:\/\/todoapulmon-rafaela.com\/index.php\/wp-json\/wp\/v2\/types\/post"}],"author":[{"embeddable":true,"href":"https:\/\/todoapulmon-rafaela.com\/index.php\/wp-json\/wp\/v2\/users\/2"}],"replies":[{"embeddable":true,"href":"https:\/\/todoapulmon-rafaela.com\/index.php\/wp-json\/wp\/v2\/comments?post=18204"}],"version-history":[{"count":1,"href":"https:\/\/todoapulmon-rafaela.com\/index.php\/wp-json\/wp\/v2\/posts\/18204\/revisions"}],"predecessor-version":[{"id":18206,"href":"https:\/\/todoapulmon-rafaela.com\/index.php\/wp-json\/wp\/v2\/posts\/18204\/revisions\/18206"}],"wp:featuredmedia":[{"embeddable":true,"href":"https:\/\/todoapulmon-rafaela.com\/index.php\/wp-json\/wp\/v2\/media\/18205"}],"wp:attachment":[{"href":"https:\/\/todoapulmon-rafaela.com\/index.php\/wp-json\/wp\/v2\/media?parent=18204"}],"wp:term":[{"taxonomy":"category","embeddable":true,"href":"https:\/\/todoapulmon-rafaela.com\/index.php\/wp-json\/wp\/v2\/categories?post=18204"},{"taxonomy":"post_tag","embeddable":true,"href":"https:\/\/todoapulmon-rafaela.com\/index.php\/wp-json\/wp\/v2\/tags?post=18204"}],"curies":[{"name":"wp","href":"https:\/\/api.w.org\/{rel}","templated":true}]}}