{"id":18116,"date":"2019-07-03T22:32:40","date_gmt":"2019-07-03T22:32:40","guid":{"rendered":"http:\/\/todoapulmon-rafaela.com\/?p=18116"},"modified":"2019-07-03T22:32:40","modified_gmt":"2019-07-03T22:32:40","slug":"los-21k-del-1-de-septiembre-en-circuito-certificado-por-la-cada","status":"publish","type":"post","link":"https:\/\/todoapulmon-rafaela.com\/index.php\/2019\/07\/03\/los-21k-del-1-de-septiembre-en-circuito-certificado-por-la-cada\/","title":{"rendered":"Los 21k del 1 de septiembre, en circuito certificado por la CADA"},"content":{"rendered":"<p>En el Complejo del Viejo Mercado se llev\u00f3 a cabo en la ma\u00f1ana de este mi\u00e9rcoles la presentaci\u00f3n de los 21k novena edici\u00f3n, homenaje a Daniel \u00abTecla\u00bb Far\u00edas, que se llevar\u00e1n a cabo el pr\u00f3ximo 1 de septiembre, desde las 9 AM. Como es tradicional, tambi\u00e9n se realizar\u00e1n los 10k y los 5k recreativos para toda la familia.<\/p>\n<p>El dato saliente para esta edici\u00f3n es que el circuito en 10 y 21 fue certificado por la CADA, lo cual permitir\u00e1 a los participantes homologar sus marcas. El Subsecretario de Deportes Leonardo Crosetti brind\u00f3 precisiones en tal sentido, recalcando que es algo muy importante que realza el nivel de la competencia.<\/p>\n<p>En tanto, el intendente Luis Castellano destac\u00f3 el aporte de las instituciones y los deportistas que a\u00f1o tras a\u00f1o le dan mayor prestigio al evento, en una Rafaela donde \u00abel deporte tambi\u00e9n es movilizador de la econom\u00eda\u00bb, recalc\u00f3.<\/p>\n<p>Del lanzamiento participaron el intendente Luis Castellano, el subsecretario de Deportes, Leonardo Crosetti, miembros del Concejo Municipal, dirigentes de entidades deportivas, grupos de runnings y sponsors.<\/p>\n<p><b>Desaf\u00edo y evoluci\u00f3n<\/b><\/p>\n<p>Durante el acto, el intendente Luis Castellano expres\u00f3 que \u201cesta marat\u00f3n es un desaf\u00edo para nuestra ciudad y evidentemente es una palanca para el desarrollo. Cuando uno ve la evoluci\u00f3n que Rafaela viene teniendo en cuanto a lo deportivo, asombra conocer la cantidad de gimnasios, de grupos de mujeres, vecinales, instituciones que se van enganchando en lo que es la vida sana, el deporte, la recreaci\u00f3n. Se llenan nuestros espacios p\u00fablicos con actividades, la ciclov\u00eda, los ciclocarriles por donde circulan los grupos en bici. Son actividades que no hay edad para llevarlas a cabo y es realmente muy bueno\u00bb.<\/p>\n<p>\u201cEl 21 k se transform\u00f3 en un \u00edcono en el a\u00f1o, es un s\u00edmbolo en donde Rafaela, la regi\u00f3n, la provincia y parte del pa\u00eds lo toman como referencia en el calendario y nosotros tenemos que seguir potenci\u00e1ndolo\u00bb.<\/p>\n<p><b>Detalles<\/b><\/p>\n<p>Los participantes del pr\u00f3ximo \u201cMarat\u00f3n 21K\u201d deber\u00e1n presentar los aptos m\u00e9dicos deportivos. La intenci\u00f3n de la organizaci\u00f3n es concientizar e incentivar a que los corredores se realicen el chequeo correspondiente. Tambi\u00e9n se seguir\u00e1 manteniendo la carpa de los kinesi\u00f3logos, tanto de manera previa como posterior, para que todos puedan tener ese servicio.<\/p>\n<p>Por otra parte, en el circuito de 21K habr\u00e1 8 puestos de hidrataci\u00f3n los que estar\u00e1n dotados con agua y bebidas isot\u00f3nicas. Un detalle a destacar es que, por cuestiones ecol\u00f3gicas, se reemplazar\u00e1n las botellas por sachet con agua de 233 cm3 y, al final del recorrido, habr\u00e1 frutas y cereales.<\/p>\n<p>Vale destacar que los tradicionales sorteos se llevar\u00e1n a cabo al final, previo a la premiaci\u00f3n, para que el corredor no est\u00e9 pendiente y pueda desarrollarse atl\u00e9ticamente con tranquilidad.<\/p>\n<p>Previamente, el d\u00eda s\u00e1bado 3 de agosto se desarrollar\u00e1 una prueba que incluir\u00e1 un circuito no competitivo de 4 y 8 kil\u00f3metros para ni\u00f1os y padres.<\/p>\n","protected":false},"excerpt":{"rendered":"<p>En el Complejo del Viejo Mercado se llev\u00f3 a cabo en la ma\u00f1ana de este mi\u00e9rcoles la presentaci\u00f3n de los<\/p>\n","protected":false},"author":2,"featured_media":18120,"comment_status":"open","ping_status":"open","sticky":false,"template":"","format":"standard","meta":{"footnotes":""},"categories":[7,24],"tags":[],"class_list":["post-18116","post","type-post","status-publish","format-standard","has-post-thumbnail","hentry","category-atletismo","category-noticias-destacadas"],"cc_featured_image_caption":{"caption_text":"","source_text":"","source_url":""},"_links":{"self":[{"href":"https:\/\/todoapulmon-rafaela.com\/index.php\/wp-json\/wp\/v2\/posts\/18116"}],"collection":[{"href":"https:\/\/todoapulmon-rafaela.com\/index.php\/wp-json\/wp\/v2\/posts"}],"about":[{"href":"https:\/\/todoapulmon-rafaela.com\/index.php\/wp-json\/wp\/v2\/types\/post"}],"author":[{"embeddable":true,"href":"https:\/\/todoapulmon-rafaela.com\/index.php\/wp-json\/wp\/v2\/users\/2"}],"replies":[{"embeddable":true,"href":"https:\/\/todoapulmon-rafaela.com\/index.php\/wp-json\/wp\/v2\/comments?post=18116"}],"version-history":[{"count":3,"href":"https:\/\/todoapulmon-rafaela.com\/index.php\/wp-json\/wp\/v2\/posts\/18116\/revisions"}],"predecessor-version":[{"id":18121,"href":"https:\/\/todoapulmon-rafaela.com\/index.php\/wp-json\/wp\/v2\/posts\/18116\/revisions\/18121"}],"wp:featuredmedia":[{"embeddable":true,"href":"https:\/\/todoapulmon-rafaela.com\/index.php\/wp-json\/wp\/v2\/media\/18120"}],"wp:attachment":[{"href":"https:\/\/todoapulmon-rafaela.com\/index.php\/wp-json\/wp\/v2\/media?parent=18116"}],"wp:term":[{"taxonomy":"category","embeddable":true,"href":"https:\/\/todoapulmon-rafaela.com\/index.php\/wp-json\/wp\/v2\/categories?post=18116"},{"taxonomy":"post_tag","embeddable":true,"href":"https:\/\/todoapulmon-rafaela.com\/index.php\/wp-json\/wp\/v2\/tags?post=18116"}],"curies":[{"name":"wp","href":"https:\/\/api.w.org\/{rel}","templated":true}]}}