{"id":18028,"date":"2019-06-26T10:02:13","date_gmt":"2019-06-26T10:02:13","guid":{"rendered":"http:\/\/todoapulmon-rafaela.com\/?p=18028"},"modified":"2019-06-26T10:02:13","modified_gmt":"2019-06-26T10:02:13","slug":"roberto-acuna-jugara-en-gimnasia-de-comodoro-rivadavia","status":"publish","type":"post","link":"https:\/\/todoapulmon-rafaela.com\/index.php\/2019\/06\/26\/roberto-acuna-jugara-en-gimnasia-de-comodoro-rivadavia\/","title":{"rendered":"Roberto Acu\u00f1a jugar\u00e1 en Gimnasia de Comodoro Rivadavia"},"content":{"rendered":"<p>El basquetbolista Roberto Acu\u00f1a integrar\u00e1 el plantel profesional de Gimnasia y Esgrima de Comodoro Rivadavia en la pr\u00f3xima temporada de la Liga Nacional. El pivot, de 2,08 metros de altura, oriundo de Rafaela, de 28 a\u00f1os, cuenta con una vasta trayectoria en equipos nacionales como San Isidro de Francisco de C\u00f3rdoba, Ciclista Juninense y Pe\u00f1arol del Mar del Plata. Tambi\u00e9n form\u00f3 parte de la selecci\u00f3n argentina en el Campeonato Sudamericano y en los Juegos Ol\u00edmpicos, ambos del a\u00f1o 2016.<\/p>\n<p>Las temporadas 2017-18 y 2018-19, de la Liga Nacional de B\u00e1squetbol, las jug\u00f3 en Quimsa, equipo de Santiago del Estero, en la \u00faltima campa\u00f1a y su estad\u00edstica registr\u00f3 que disput\u00f3 42 partidos promediando 9.2 puntos.<\/p>\n<p>El \u201cToro\u201d Acu\u00f1a se sumar\u00e1 as\u00ed al resto de los integrantes del plantel que son los bases Jonatan Treise, Carlos Manuel Buend\u00eda, el escolta Juan Manuel Rivero \u2013quien se encuentra jugando en Toros de Venezuela-, el alero Yoanki Mens\u00eda, el ala pivote Franco Giorgetti y el capit\u00e1n Diego Romero.<\/p>\n<p>De esa manera, Gimnasia ya cuenta con siete jugadores con miras a la pr\u00f3xima edici\u00f3n de la Liga Nacional de B\u00e1squetbol.<\/p>\n<p>Fuente: diario El Patag\u00f3nico.<\/p>\n","protected":false},"excerpt":{"rendered":"<p>El basquetbolista Roberto Acu\u00f1a integrar\u00e1 el plantel profesional de Gimnasia y Esgrima de Comodoro Rivadavia en la pr\u00f3xima temporada de<\/p>\n","protected":false},"author":2,"featured_media":18029,"comment_status":"open","ping_status":"open","sticky":false,"template":"","format":"standard","meta":{"footnotes":""},"categories":[5],"tags":[],"class_list":["post-18028","post","type-post","status-publish","format-standard","has-post-thumbnail","hentry","category-basquet"],"cc_featured_image_caption":{"caption_text":"El rafaelino cambia de equipo en la Liga Nacional.","source_text":"","source_url":""},"_links":{"self":[{"href":"https:\/\/todoapulmon-rafaela.com\/index.php\/wp-json\/wp\/v2\/posts\/18028"}],"collection":[{"href":"https:\/\/todoapulmon-rafaela.com\/index.php\/wp-json\/wp\/v2\/posts"}],"about":[{"href":"https:\/\/todoapulmon-rafaela.com\/index.php\/wp-json\/wp\/v2\/types\/post"}],"author":[{"embeddable":true,"href":"https:\/\/todoapulmon-rafaela.com\/index.php\/wp-json\/wp\/v2\/users\/2"}],"replies":[{"embeddable":true,"href":"https:\/\/todoapulmon-rafaela.com\/index.php\/wp-json\/wp\/v2\/comments?post=18028"}],"version-history":[{"count":1,"href":"https:\/\/todoapulmon-rafaela.com\/index.php\/wp-json\/wp\/v2\/posts\/18028\/revisions"}],"predecessor-version":[{"id":18030,"href":"https:\/\/todoapulmon-rafaela.com\/index.php\/wp-json\/wp\/v2\/posts\/18028\/revisions\/18030"}],"wp:featuredmedia":[{"embeddable":true,"href":"https:\/\/todoapulmon-rafaela.com\/index.php\/wp-json\/wp\/v2\/media\/18029"}],"wp:attachment":[{"href":"https:\/\/todoapulmon-rafaela.com\/index.php\/wp-json\/wp\/v2\/media?parent=18028"}],"wp:term":[{"taxonomy":"category","embeddable":true,"href":"https:\/\/todoapulmon-rafaela.com\/index.php\/wp-json\/wp\/v2\/categories?post=18028"},{"taxonomy":"post_tag","embeddable":true,"href":"https:\/\/todoapulmon-rafaela.com\/index.php\/wp-json\/wp\/v2\/tags?post=18028"}],"curies":[{"name":"wp","href":"https:\/\/api.w.org\/{rel}","templated":true}]}}