{"id":18018,"date":"2019-06-25T18:53:21","date_gmt":"2019-06-25T18:53:21","guid":{"rendered":"http:\/\/todoapulmon-rafaela.com\/?p=18018"},"modified":"2019-06-25T19:02:17","modified_gmt":"2019-06-25T19:02:17","slug":"presencia-de-crar-con-santa-fe-en-el-regional-nea-sub-16","status":"publish","type":"post","link":"https:\/\/todoapulmon-rafaela.com\/index.php\/2019\/06\/25\/presencia-de-crar-con-santa-fe-en-el-regional-nea-sub-16\/","title":{"rendered":"Presencia de CRAR con Santa Fe en el Regional NEA Sub 16"},"content":{"rendered":"<p>Desde este jueves y hasta el domingo se desarrollar\u00e1 en Posadas, Misiones, el torneo de selecciones Regional NEA Sub 16 que tendr\u00e1 en el equipo de la Asociaci\u00f3n Santafesina a Fabi\u00e1n Montesano como entrenador. Del plantel, adem\u00e1s, tomar\u00e1n parte las jugadoras del Verde, Guillermina Astudillo y Sof\u00eda Bolea, quienes el a\u00f1o pasado jugaron el Nacional en Sub 14.<br \/>\nEl debut de dicho representativo ser\u00e1 ante la FOSH el jueves a las 12 en el marco de la Zona A; el viernes en el mismo horario jugar\u00e1n ante Chaco, mientras que el s\u00e1bado a las 10 enfrentar\u00e1n a la Asociaci\u00f3n Amateur Uni\u00f3n del Centro y cerrar\u00e1n a las 16.30 nada m\u00e1s y nada menos que ante Litoral A.<br \/>\nLa delegaci\u00f3n parte este martes a las 20 desde la sede de la ASH, en Santa Fe.<\/p>\n","protected":false},"excerpt":{"rendered":"<p>Desde este jueves y hasta el domingo se desarrollar\u00e1 en Posadas, Misiones, el torneo de selecciones Regional NEA Sub 16<\/p>\n","protected":false},"author":2,"featured_media":18019,"comment_status":"open","ping_status":"open","sticky":false,"template":"","format":"standard","meta":{"footnotes":""},"categories":[3,24],"tags":[],"class_list":["post-18018","post","type-post","status-publish","format-standard","has-post-thumbnail","hentry","category-hockey","category-noticias-destacadas"],"cc_featured_image_caption":{"caption_text":"Guillermina Astudillo y Sof\u00eda Bolea integran el plantel que dirige Fabi\u00e1n Montesano.","source_text":"","source_url":""},"_links":{"self":[{"href":"https:\/\/todoapulmon-rafaela.com\/index.php\/wp-json\/wp\/v2\/posts\/18018"}],"collection":[{"href":"https:\/\/todoapulmon-rafaela.com\/index.php\/wp-json\/wp\/v2\/posts"}],"about":[{"href":"https:\/\/todoapulmon-rafaela.com\/index.php\/wp-json\/wp\/v2\/types\/post"}],"author":[{"embeddable":true,"href":"https:\/\/todoapulmon-rafaela.com\/index.php\/wp-json\/wp\/v2\/users\/2"}],"replies":[{"embeddable":true,"href":"https:\/\/todoapulmon-rafaela.com\/index.php\/wp-json\/wp\/v2\/comments?post=18018"}],"version-history":[{"count":1,"href":"https:\/\/todoapulmon-rafaela.com\/index.php\/wp-json\/wp\/v2\/posts\/18018\/revisions"}],"predecessor-version":[{"id":18020,"href":"https:\/\/todoapulmon-rafaela.com\/index.php\/wp-json\/wp\/v2\/posts\/18018\/revisions\/18020"}],"wp:featuredmedia":[{"embeddable":true,"href":"https:\/\/todoapulmon-rafaela.com\/index.php\/wp-json\/wp\/v2\/media\/18019"}],"wp:attachment":[{"href":"https:\/\/todoapulmon-rafaela.com\/index.php\/wp-json\/wp\/v2\/media?parent=18018"}],"wp:term":[{"taxonomy":"category","embeddable":true,"href":"https:\/\/todoapulmon-rafaela.com\/index.php\/wp-json\/wp\/v2\/categories?post=18018"},{"taxonomy":"post_tag","embeddable":true,"href":"https:\/\/todoapulmon-rafaela.com\/index.php\/wp-json\/wp\/v2\/tags?post=18018"}],"curies":[{"name":"wp","href":"https:\/\/api.w.org\/{rel}","templated":true}]}}