{"id":18013,"date":"2019-06-25T18:29:20","date_gmt":"2019-06-25T18:29:20","guid":{"rendered":"http:\/\/todoapulmon-rafaela.com\/?p=18013"},"modified":"2019-06-25T18:30:52","modified_gmt":"2019-06-25T18:30:52","slug":"rafaelinos-en-los-42k-de-rosario","status":"publish","type":"post","link":"https:\/\/todoapulmon-rafaela.com\/index.php\/2019\/06\/25\/rafaelinos-en-los-42k-de-rosario\/","title":{"rendered":"Rafaelinos en los 42k de Rosario"},"content":{"rendered":"<p>El domingo 23 de junio se corri\u00f3 la 18\u00aa edici\u00f3n del Marat\u00f3n Internacional de la Bandera 42k Rosario 2019. Participaron m\u00e1s de 3000 atletas. Los vencedores de la prueba principal fueron Edgar R\u00edos (2.25.11), de Esquel, e Ivana Toledo (3.05.02), de C\u00f3rdoba.<\/p>\n<p>Se dieron cita varios representantes de nuestra ciudad. El mejor de los varones fue Romano Maza, en sus primeros 42k. El representante del grupo Blood Runners de CRAS, que entrena Ariel Magallanes, qued\u00f3 108 en la general masculina con un tiempo de 3h14m35s, ubic\u00e1ndose 25 en su categor\u00eda.<\/p>\n<p>En damas, Florencia Ch\u00e1vez baj\u00f3 las cuatro horas tambi\u00e9n en su primer marat\u00f3n con 3h57m13s, ubic\u00e1ndose s\u00e9ptima en su categor\u00eda en una meritoria performance.<\/p>\n<p>Dentro de los varones, adem\u00e1s estuvieron participando: Juan Amherdt 3h23m58s; Gabriel Apelans 3h29m32s; Martin Chavez 3h33m2s;\u00a0Alejandro Gianelli 3h33m11s, en la menci\u00f3n de los mejores ubicados de Rafaela.<\/p>\n<figure id=\"attachment_18015\" aria-describedby=\"caption-attachment-18015\" style=\"width: 182px\" class=\"wp-caption alignnone\"><img loading=\"lazy\" decoding=\"async\" class=\"size-medium wp-image-18015\" src=\"http:\/\/todoapulmon-rafaela.com\/wp-content\/uploads\/2019\/06\/Florencia-Chavez-182x300.png\" alt=\"Florencia Chavez\" width=\"182\" height=\"300\" srcset=\"https:\/\/todoapulmon-rafaela.com\/wp-content\/uploads\/2019\/06\/Florencia-Chavez-182x300.png 182w, https:\/\/todoapulmon-rafaela.com\/wp-content\/uploads\/2019\/06\/Florencia-Chavez.png 397w\" sizes=\"(max-width: 182px) 100vw, 182px\" \/><figcaption id=\"caption-attachment-18015\" class=\"wp-caption-text\">Florencia Chavez<\/figcaption><\/figure>\n","protected":false},"excerpt":{"rendered":"<p>El domingo 23 de junio se corri\u00f3 la 18\u00aa edici\u00f3n del Marat\u00f3n Internacional de la Bandera 42k Rosario 2019. Participaron<\/p>\n","protected":false},"author":2,"featured_media":18014,"comment_status":"open","ping_status":"open","sticky":false,"template":"","format":"standard","meta":{"footnotes":""},"categories":[7,24],"tags":[],"class_list":["post-18013","post","type-post","status-publish","format-standard","has-post-thumbnail","hentry","category-atletismo","category-noticias-destacadas"],"cc_featured_image_caption":{"caption_text":"Romano Maza tuvo un auspicioso primer marat\u00f3n.","source_text":"","source_url":""},"_links":{"self":[{"href":"https:\/\/todoapulmon-rafaela.com\/index.php\/wp-json\/wp\/v2\/posts\/18013"}],"collection":[{"href":"https:\/\/todoapulmon-rafaela.com\/index.php\/wp-json\/wp\/v2\/posts"}],"about":[{"href":"https:\/\/todoapulmon-rafaela.com\/index.php\/wp-json\/wp\/v2\/types\/post"}],"author":[{"embeddable":true,"href":"https:\/\/todoapulmon-rafaela.com\/index.php\/wp-json\/wp\/v2\/users\/2"}],"replies":[{"embeddable":true,"href":"https:\/\/todoapulmon-rafaela.com\/index.php\/wp-json\/wp\/v2\/comments?post=18013"}],"version-history":[{"count":2,"href":"https:\/\/todoapulmon-rafaela.com\/index.php\/wp-json\/wp\/v2\/posts\/18013\/revisions"}],"predecessor-version":[{"id":18017,"href":"https:\/\/todoapulmon-rafaela.com\/index.php\/wp-json\/wp\/v2\/posts\/18013\/revisions\/18017"}],"wp:featuredmedia":[{"embeddable":true,"href":"https:\/\/todoapulmon-rafaela.com\/index.php\/wp-json\/wp\/v2\/media\/18014"}],"wp:attachment":[{"href":"https:\/\/todoapulmon-rafaela.com\/index.php\/wp-json\/wp\/v2\/media?parent=18013"}],"wp:term":[{"taxonomy":"category","embeddable":true,"href":"https:\/\/todoapulmon-rafaela.com\/index.php\/wp-json\/wp\/v2\/categories?post=18013"},{"taxonomy":"post_tag","embeddable":true,"href":"https:\/\/todoapulmon-rafaela.com\/index.php\/wp-json\/wp\/v2\/tags?post=18013"}],"curies":[{"name":"wp","href":"https:\/\/api.w.org\/{rel}","templated":true}]}}