{"id":17912,"date":"2019-06-20T02:55:57","date_gmt":"2019-06-20T02:55:57","guid":{"rendered":"http:\/\/todoapulmon-rafaela.com\/?p=17912"},"modified":"2019-06-20T02:57:40","modified_gmt":"2019-06-20T02:57:40","slug":"hernandez-dio-la-lista-para-los-panamericanos-sin-acuna","status":"publish","type":"post","link":"https:\/\/todoapulmon-rafaela.com\/index.php\/2019\/06\/20\/hernandez-dio-la-lista-para-los-panamericanos-sin-acuna\/","title":{"rendered":"Hern\u00e1ndez dio la lista para los Panamericanos, sin Acu\u00f1a"},"content":{"rendered":"<p>El entrenador de la Selecci\u00f3n Argentina, Sergio Hern\u00e1ndez, confirm\u00f3 la lista de convocados para los Juegos Panamericanos de Lima, que se disputar\u00e1n en la capital peruana del 31 de julio al 5 de agosto. Tal como estaba previsto, el DT decidi\u00f3 apostar por la base del equipo que un mes m\u00e1s tarde disputar\u00e1 el Mundial de China, utilizando este torneo como parte de la preparaci\u00f3n y apostando tambi\u00e9n a pelear por una medalla despu\u00e9s de 24 a\u00f1os sin podios panamericanos. Uno de los pocos ausentes en relaci\u00f3n a esa etapa ser\u00e1 el rafaelino Roberto Acu\u00f1a.<br \/>\nLa preparaci\u00f3n, como ya se difundi\u00f3 previamente, comenzar\u00e1 en Bah\u00eda Blanca, el pr\u00f3ximo 17 de julio. All\u00ed la delegaci\u00f3n se hospedar\u00e1 en el complejo Dow Center, que ser\u00e1 oficialmente inaugurado por esos d\u00edas, y trabajar\u00e1 durante una semana exacta. La partida hacia Lima est\u00e1 prevista para el 28 de julio. Y el debut, para el 31, ante Uruguay. Un d\u00eda despu\u00e9s, el rival ser\u00e1 Rep\u00fablica Dominicana y el cierre del Grupo B ser\u00e1 frente a M\u00e9xico, el 2 de agosto.<br \/>\nAcerca de los amistosos previos, habr\u00e1 un primer partido informal durante el ya tradicional D\u00eda del Hincha (el martes 23, en Bah\u00eda) y dos juegos m\u00e1s en Capital Federal: contra Uruguay, el viernes 26, y ante Puerto Rico, el s\u00e1bado 27. Estos \u00faltimos juegos encuentros en el marco del torneo Tres Naciones.<\/p>\n<p><strong>Lista de convocados:<\/strong><br \/>\n<em>Bases<\/em>:<br \/>\nFacundo Campazzo (Real Madrid)<br \/>\nFecha de Nacimiento: 23\/03\/91<br \/>\nLugar: C\u00f3rdoba<br \/>\nAltura: 1,79<\/p>\n<p>Nicol\u00e1s Laprovittola (Joventut Badalona)<br \/>\nFecha de Nacimiento: 31\/01\/90<br \/>\nLugar: Mor\u00f3n, Buenos Aires.<br \/>\nAltura: 1,85.<\/p>\n<p>Luca Vildoza (Baskonia)<br \/>\nFecha de Nacimiento: 11\/08\/95<br \/>\nLugar: Ciudad Aut\u00f3noma de Buenos Aires.<br \/>\nAltura: 1,88.<\/p>\n<p><em>Escoltas<\/em>:<br \/>\nNicol\u00e1s Brussino (Iberostar Tenerife)<br \/>\nFecha de Nacimiento: 02\/03\/93<br \/>\nLugar: Ca\u00f1ada de G\u00f3mez, Santa Fe<br \/>\nAltura: 2,02<\/p>\n<p>Lucio Redivo (Breog\u00e1n)<br \/>\nFecha de Nacimiento: 14\/02\/1994<br \/>\nLugar: Bah\u00eda Blanca, Buenos Aires<br \/>\nAltura: 1,79<\/p>\n<p>M\u00e1ximo Fjellerup (San Lorenzo)<br \/>\nFecha de Nacimiento: 25\/11\/97<br \/>\nLugar: Tres Arroyos, Buenos Aires.<br \/>\nAltura: 1,93<\/p>\n<p><em>Aleros<\/em>:<br \/>\nMarcos Mata (San Lorenzo de Almagro)<br \/>\nFecha de Nacimiento: 01\/08\/86<br \/>\nLugar: Mar del Plata, Buenos Aires<br \/>\nAltura: 2,01<\/p>\n<p>Patricio Garino (Baskonia)<br \/>\nFecha de Nacimiento: 17\/05\/93<br \/>\nLugar: Mar del Plata, Buenos Aires.<br \/>\nAltura: 1,98<\/p>\n<p>Gabriel Deck (Real Madrid)<br \/>\nFecha de Nacimiento: 08\/02\/95<br \/>\nLugar: Colonia Dora, Santiago del Estero<br \/>\nAltura: 1,98<\/p>\n<p><em>Ala Pivotes<\/em>:<br \/>\nLuis Scola (Shanghai Sharks)<br \/>\nFecha de Nacimiento: 30\/04\/80<br \/>\nLugar: Ciudad Aut\u00f3noma de Buenos Aires.<br \/>\nAltura: 2,06<\/p>\n<p>Facundo Pi\u00f1ero (Instituto)<br \/>\nFecha de Nacimiento: 26\/9\/1988<br \/>\nLugar: Mar del Plata, Buenos Aires.<br \/>\nAltura: 2,00<\/p>\n<p>Agust\u00edn C\u00e1ffaro (Libertad de Sunchales)<br \/>\nFecha de Nacimiento: 06\/02\/95<br \/>\nLugar: Piamonte, Santa Fe<br \/>\nAltura: 2,10<\/p>\n<p><em>Pivotes<\/em>:<br \/>\nMarcos Del\u00eda (Joventut Badalona)<br \/>\nFecha de Nacimiento: 08\/04\/92<br \/>\nLugar: Saladillo, Buenos Aires<br \/>\nAltura: 2,09<\/p>\n<p>Tayavek Gallizzi (Regatas Corrientes)<br \/>\nFecha de Nacimiento: 08\/02\/93<br \/>\nLugar: Santa Fe<br \/>\nAltura: 2,04<\/p>\n<p>Francisco C\u00e1ffaro (Universidad de Virginia)<br \/>\nFecha de Nacimiento: 19\/05\/2000<br \/>\nLugar: Santa Fe<br \/>\nAltura: 2,13.<\/p>\n<p>Fuente: prensa CABB.<\/p>\n","protected":false},"excerpt":{"rendered":"<p>El entrenador de la Selecci\u00f3n Argentina, Sergio Hern\u00e1ndez, confirm\u00f3 la lista de convocados para los Juegos Panamericanos de Lima, que<\/p>\n","protected":false},"author":2,"featured_media":17913,"comment_status":"open","ping_status":"open","sticky":false,"template":"","format":"standard","meta":{"footnotes":""},"categories":[5,24],"tags":[],"class_list":["post-17912","post","type-post","status-publish","format-standard","has-post-thumbnail","hentry","category-basquet","category-noticias-destacadas"],"cc_featured_image_caption":{"caption_text":"","source_text":"","source_url":""},"_links":{"self":[{"href":"https:\/\/todoapulmon-rafaela.com\/index.php\/wp-json\/wp\/v2\/posts\/17912"}],"collection":[{"href":"https:\/\/todoapulmon-rafaela.com\/index.php\/wp-json\/wp\/v2\/posts"}],"about":[{"href":"https:\/\/todoapulmon-rafaela.com\/index.php\/wp-json\/wp\/v2\/types\/post"}],"author":[{"embeddable":true,"href":"https:\/\/todoapulmon-rafaela.com\/index.php\/wp-json\/wp\/v2\/users\/2"}],"replies":[{"embeddable":true,"href":"https:\/\/todoapulmon-rafaela.com\/index.php\/wp-json\/wp\/v2\/comments?post=17912"}],"version-history":[{"count":1,"href":"https:\/\/todoapulmon-rafaela.com\/index.php\/wp-json\/wp\/v2\/posts\/17912\/revisions"}],"predecessor-version":[{"id":17914,"href":"https:\/\/todoapulmon-rafaela.com\/index.php\/wp-json\/wp\/v2\/posts\/17912\/revisions\/17914"}],"wp:featuredmedia":[{"embeddable":true,"href":"https:\/\/todoapulmon-rafaela.com\/index.php\/wp-json\/wp\/v2\/media\/17913"}],"wp:attachment":[{"href":"https:\/\/todoapulmon-rafaela.com\/index.php\/wp-json\/wp\/v2\/media?parent=17912"}],"wp:term":[{"taxonomy":"category","embeddable":true,"href":"https:\/\/todoapulmon-rafaela.com\/index.php\/wp-json\/wp\/v2\/categories?post=17912"},{"taxonomy":"post_tag","embeddable":true,"href":"https:\/\/todoapulmon-rafaela.com\/index.php\/wp-json\/wp\/v2\/tags?post=17912"}],"curies":[{"name":"wp","href":"https:\/\/api.w.org\/{rel}","templated":true}]}}