{"id":17908,"date":"2019-06-20T02:41:36","date_gmt":"2019-06-20T02:41:36","guid":{"rendered":"http:\/\/todoapulmon-rafaela.com\/?p=17908"},"modified":"2019-06-20T02:57:21","modified_gmt":"2019-06-20T02:57:21","slug":"angelina-marchi-en-la-preseleccion-u14","status":"publish","type":"post","link":"https:\/\/todoapulmon-rafaela.com\/index.php\/2019\/06\/20\/angelina-marchi-en-la-preseleccion-u14\/","title":{"rendered":"Angelina Marchi en la preselecci\u00f3n argentina U14"},"content":{"rendered":"<p>La categor\u00eda m\u00e1s peque\u00f1a de la Selecci\u00f3n Argentina femenina, tiene su primera convocatoria del a\u00f1o: 22 jugadoras de siete provincias distintas del pa\u00eds, formar\u00e1n parte de la n\u00f3mina que comenzar\u00e1 la preparaci\u00f3n de cara al Sudamericano U14 de Guayaquil, que se disputar\u00e1 desde el 22 al 27 de julio. Los entrenamientos ser\u00e1n del 24 al 27 de junio en el Centro Nacional de Alto Rendimiento Deportivo (CeNARD) y tendr\u00e1n la presencia entre las citadas de la rafaelina, del Club Ben Hur, Angelina Marchi.<br \/>\nEl certamen continental que tendr\u00e1 lugar en Ecuador y que servir\u00e1 como torneo promocional, ser\u00e1 el estreno internacional de una nueva camada, con jugadoras que demostraron un gran nivel en el \u00faltimo Argentino U15 de San Luis.<br \/>\nVale destacar que en el Sudamericano U14 del 2017, Argentina se qued\u00f3 fuera del podio por detalles, cuando perdi\u00f3 ante Brasil por 63-43, en Popay\u00e1n, Colombia. En ese campeonato, el seleccionado chileno se hizo con la corona tras derrotar a Brasil en la final.<br \/>\nLas 22 citadas son:<\/p>\n<p><strong>GIACONNE, Angelina<\/strong><br \/>\nFecha: 15\/09\/2005<br \/>\nFederaci\u00f3n: Santa Fe<\/p>\n<p><strong>VERNAZZA, Abril<\/strong><br \/>\nFecha: 23\/08\/2005<br \/>\nFederaci\u00f3n: Santa Fe<\/p>\n<p><strong>MARCHI, Maria Angelina<\/strong><br \/>\nFecha:26\/05\/2005<br \/>\nFederaci\u00f3n:Santa Fe<\/p>\n<p><strong>DESCALZO, Sof\u00eda<\/strong><br \/>\nFecha: 08\/03\/2005<br \/>\nFederaci\u00f3n: Santa Fe<\/p>\n<p><strong>CERGNEUX, Delfina<\/strong><br \/>\nFecha: 27\/02\/2005<br \/>\nFederaci\u00f3n: Entre R\u00edos<\/p>\n<p><strong>MONTA\u00d1ANA, Clara<\/strong><br \/>\nFecha: 06\/03\/2005<br \/>\nFederaci\u00f3n: Entre R\u00edos<\/p>\n<p><strong>VILLANOVA, Maira<\/strong><br \/>\nFecha: 28\/03\/2005<br \/>\nFederaci\u00f3n: Entre R\u00edos<\/p>\n<p><strong>SANTINI, Paula<\/strong><br \/>\nFecha: 24\/06\/2005<br \/>\nFederaci\u00f3n: Entre R\u00edos<\/p>\n<p><strong>GUGLIELMI, Lara Bel\u00e9n<\/strong><br \/>\nFecha: 01\/05\/2005<br \/>\nFederaci\u00f3n: Buenos Aires<\/p>\n<p><strong>MARCHIONI, Constanza<\/strong><br \/>\nFecha: 15\/07\/2005<br \/>\nFederaci\u00f3n: Buenos Aires<\/p>\n<p><strong>KAUER, Abril<\/strong><br \/>\nFecha: 27\/03\/2005<br \/>\nFederaci\u00f3n: C\u00f3rdoba<\/p>\n<p><strong>ESPADALE Gianela<\/strong><br \/>\nFecha: 04\/05\/2005<br \/>\nFederaci\u00f3n: Neuqu\u00e9n<\/p>\n<p><strong>PERALES, Cecilia<\/strong><br \/>\nFecha: 23\/05\/2005<br \/>\nFederaci\u00f3n: Jujuy<\/p>\n<p><strong>ANDUJAR, Luz<\/strong><br \/>\nFecha: 16\/07\/2005<br \/>\nFederaci\u00f3n: FeBAMBA<\/p>\n<p><strong>AMAYA, Juana<\/strong><br \/>\nFecha:08\/09\/2005<br \/>\nFederaci\u00f3n: FeBAMBA<\/p>\n<p><strong>HENTSCHEL, Dagmar<\/strong><br \/>\nFecha: 02\/02\/2005<br \/>\nFederaci\u00f3n: FeBAMBA<\/p>\n<p><strong>FONTANA, Victoria<\/strong><br \/>\nFecha:07\/03\/2005<br \/>\nFederaci\u00f3n: FeBAMBA<\/p>\n<p><strong>DI TULIO, Martina<\/strong><br \/>\nFecha: 14\/02\/2005<br \/>\nFederaci\u00f3n: FeBAMBA<\/p>\n<p><strong>BIOCCA, Morena<\/strong><br \/>\nFecha: 15\/11\/2005<br \/>\nFederaci\u00f3n: FeBAMBA<\/p>\n<p><strong>ANFUSO, Kiara<\/strong><br \/>\nFecha: 18\/01\/2005<br \/>\nFederaci\u00f3n: FeBAMBA<\/p>\n<p><strong>DAIVEZ, Rocio<\/strong><br \/>\nFecha: 13\/01\/2005<br \/>\nFederaci\u00f3n: FeBAMBA<\/p>\n<p><strong>MAGGI, Malena<\/strong><br \/>\nFecha: 24\/10\/2006<br \/>\nFederaci\u00f3n: FeBAMBA<\/p>\n<p>Fuente: prensa CABB.<\/p>\n","protected":false},"excerpt":{"rendered":"<p>La categor\u00eda m\u00e1s peque\u00f1a de la Selecci\u00f3n Argentina femenina, tiene su primera convocatoria del a\u00f1o: 22 jugadoras de siete provincias<\/p>\n","protected":false},"author":2,"featured_media":17909,"comment_status":"open","ping_status":"open","sticky":false,"template":"","format":"standard","meta":{"footnotes":""},"categories":[5,24],"tags":[],"class_list":["post-17908","post","type-post","status-publish","format-standard","has-post-thumbnail","hentry","category-basquet","category-noticias-destacadas"],"cc_featured_image_caption":{"caption_text":"","source_text":"","source_url":""},"_links":{"self":[{"href":"https:\/\/todoapulmon-rafaela.com\/index.php\/wp-json\/wp\/v2\/posts\/17908"}],"collection":[{"href":"https:\/\/todoapulmon-rafaela.com\/index.php\/wp-json\/wp\/v2\/posts"}],"about":[{"href":"https:\/\/todoapulmon-rafaela.com\/index.php\/wp-json\/wp\/v2\/types\/post"}],"author":[{"embeddable":true,"href":"https:\/\/todoapulmon-rafaela.com\/index.php\/wp-json\/wp\/v2\/users\/2"}],"replies":[{"embeddable":true,"href":"https:\/\/todoapulmon-rafaela.com\/index.php\/wp-json\/wp\/v2\/comments?post=17908"}],"version-history":[{"count":3,"href":"https:\/\/todoapulmon-rafaela.com\/index.php\/wp-json\/wp\/v2\/posts\/17908\/revisions"}],"predecessor-version":[{"id":17915,"href":"https:\/\/todoapulmon-rafaela.com\/index.php\/wp-json\/wp\/v2\/posts\/17908\/revisions\/17915"}],"wp:featuredmedia":[{"embeddable":true,"href":"https:\/\/todoapulmon-rafaela.com\/index.php\/wp-json\/wp\/v2\/media\/17909"}],"wp:attachment":[{"href":"https:\/\/todoapulmon-rafaela.com\/index.php\/wp-json\/wp\/v2\/media?parent=17908"}],"wp:term":[{"taxonomy":"category","embeddable":true,"href":"https:\/\/todoapulmon-rafaela.com\/index.php\/wp-json\/wp\/v2\/categories?post=17908"},{"taxonomy":"post_tag","embeddable":true,"href":"https:\/\/todoapulmon-rafaela.com\/index.php\/wp-json\/wp\/v2\/tags?post=17908"}],"curies":[{"name":"wp","href":"https:\/\/api.w.org\/{rel}","templated":true}]}}