{"id":17903,"date":"2019-06-19T19:17:03","date_gmt":"2019-06-19T19:17:03","guid":{"rendered":"http:\/\/todoapulmon-rafaela.com\/?p=17903"},"modified":"2019-06-19T19:17:03","modified_gmt":"2019-06-19T19:17:03","slug":"francisco-vittar-fue-ganador-en-rafaela","status":"publish","type":"post","link":"https:\/\/todoapulmon-rafaela.com\/index.php\/2019\/06\/19\/francisco-vittar-fue-ganador-en-rafaela\/","title":{"rendered":"Francisco Vittar fue ganador en Rafaela"},"content":{"rendered":"<p>Ante un buen marco de p\u00fablico se desarroll\u00f3 este mi\u00e9rcoles por la tarde la final del torneo profesional de Primera en el club Atl\u00e9tico de Rafaela, organizado por la Subcomisi\u00f3n de Tenis de la instituci\u00f3n y el profesor Claudio Faya.<\/p>\n<p>El cordob\u00e9s Francisco Vittar derrot\u00f3 al rafaelino Franco Ribero por 6-1 y 6-4 en un duelo de jugadores que se conocen mucho, ya que recorde<\/p>\n<figure id=\"attachment_17905\" aria-describedby=\"caption-attachment-17905\" style=\"width: 300px\" class=\"wp-caption alignnone\"><img loading=\"lazy\" decoding=\"async\" class=\"size-medium wp-image-17905\" src=\"http:\/\/todoapulmon-rafaela.com\/wp-content\/uploads\/2019\/06\/P1340688_resultado-300x293.jpg\" alt=\"Franco Ribero\" width=\"300\" height=\"293\" srcset=\"https:\/\/todoapulmon-rafaela.com\/wp-content\/uploads\/2019\/06\/P1340688_resultado-300x293.jpg 300w, https:\/\/todoapulmon-rafaela.com\/wp-content\/uploads\/2019\/06\/P1340688_resultado.jpg 1229w\" sizes=\"(max-width: 300px) 100vw, 300px\" \/><figcaption id=\"caption-attachment-17905\" class=\"wp-caption-text\">Franco Ribero<\/figcaption><\/figure>\n<p>mos que han transitado juntos su etapa como juveniles, entrenados en C\u00f3rdoba por Javier Vittar (padre de Fran) y actualmente est\u00e1n tambi\u00e9n en el primer a\u00f1o de su nueva etapa deportiva y acad\u00e9mica en Texas Tech, una prestigiosa universidad de Estados Unidos.<\/p>\n<p>Ribero estuvo un tanto err\u00e1tico, fundamentalmente en el primer set, y eso explica el resultado de ese parcial. En el segundo set hubo mayor paridad, mostrando el cordob\u00e9s un juego muy s\u00f3lido y mucho aplomo cuando subi\u00f3 a la red.<\/p>\n<p>Tanto los organizadores como los jugadores destacaron la buena iniciativa de llevar a cabo este torneo, y particularmente Ribero agradeci\u00f3 a quienes lo acompa\u00f1aron viendo el torneo y el encuentro final.<\/p>\n<figure id=\"attachment_17906\" aria-describedby=\"caption-attachment-17906\" style=\"width: 300px\" class=\"wp-caption alignnone\"><img loading=\"lazy\" decoding=\"async\" class=\"size-medium wp-image-17906\" src=\"http:\/\/todoapulmon-rafaela.com\/wp-content\/uploads\/2019\/06\/P1340682_resultado-300x225.jpg\" alt=\"Francisco Vittar\" width=\"300\" height=\"225\" srcset=\"https:\/\/todoapulmon-rafaela.com\/wp-content\/uploads\/2019\/06\/P1340682_resultado-300x225.jpg 300w, https:\/\/todoapulmon-rafaela.com\/wp-content\/uploads\/2019\/06\/P1340682_resultado.jpg 1600w\" sizes=\"(max-width: 300px) 100vw, 300px\" \/><figcaption id=\"caption-attachment-17906\" class=\"wp-caption-text\">Francisco Vittar<\/figcaption><\/figure>\n<p>&nbsp;<\/p>\n<p>&nbsp;<\/p>\n","protected":false},"excerpt":{"rendered":"<p>Ante un buen marco de p\u00fablico se desarroll\u00f3 este mi\u00e9rcoles por la tarde la final del torneo profesional de Primera<\/p>\n","protected":false},"author":2,"featured_media":17904,"comment_status":"open","ping_status":"open","sticky":false,"template":"","format":"standard","meta":{"footnotes":""},"categories":[24,6],"tags":[],"class_list":["post-17903","post","type-post","status-publish","format-standard","has-post-thumbnail","hentry","category-noticias-destacadas","category-tenis"],"cc_featured_image_caption":{"caption_text":"Los dirigentes Echaniz y Cravero, en los extremos, junto al profesor Claudio Faya entregaron los premios a Vittar y Ribero.","source_text":"","source_url":""},"_links":{"self":[{"href":"https:\/\/todoapulmon-rafaela.com\/index.php\/wp-json\/wp\/v2\/posts\/17903"}],"collection":[{"href":"https:\/\/todoapulmon-rafaela.com\/index.php\/wp-json\/wp\/v2\/posts"}],"about":[{"href":"https:\/\/todoapulmon-rafaela.com\/index.php\/wp-json\/wp\/v2\/types\/post"}],"author":[{"embeddable":true,"href":"https:\/\/todoapulmon-rafaela.com\/index.php\/wp-json\/wp\/v2\/users\/2"}],"replies":[{"embeddable":true,"href":"https:\/\/todoapulmon-rafaela.com\/index.php\/wp-json\/wp\/v2\/comments?post=17903"}],"version-history":[{"count":1,"href":"https:\/\/todoapulmon-rafaela.com\/index.php\/wp-json\/wp\/v2\/posts\/17903\/revisions"}],"predecessor-version":[{"id":17907,"href":"https:\/\/todoapulmon-rafaela.com\/index.php\/wp-json\/wp\/v2\/posts\/17903\/revisions\/17907"}],"wp:featuredmedia":[{"embeddable":true,"href":"https:\/\/todoapulmon-rafaela.com\/index.php\/wp-json\/wp\/v2\/media\/17904"}],"wp:attachment":[{"href":"https:\/\/todoapulmon-rafaela.com\/index.php\/wp-json\/wp\/v2\/media?parent=17903"}],"wp:term":[{"taxonomy":"category","embeddable":true,"href":"https:\/\/todoapulmon-rafaela.com\/index.php\/wp-json\/wp\/v2\/categories?post=17903"},{"taxonomy":"post_tag","embeddable":true,"href":"https:\/\/todoapulmon-rafaela.com\/index.php\/wp-json\/wp\/v2\/tags?post=17903"}],"curies":[{"name":"wp","href":"https:\/\/api.w.org\/{rel}","templated":true}]}}