{"id":17894,"date":"2019-06-19T11:54:30","date_gmt":"2019-06-19T11:54:30","guid":{"rendered":"http:\/\/todoapulmon-rafaela.com\/?p=17894"},"modified":"2019-06-19T12:07:36","modified_gmt":"2019-06-19T12:07:36","slug":"panamericano-en-mexico-otro-desafio-internacional-para-yoel-vargas","status":"publish","type":"post","link":"https:\/\/todoapulmon-rafaela.com\/index.php\/2019\/06\/19\/panamericano-en-mexico-otro-desafio-internacional-para-yoel-vargas\/","title":{"rendered":"Panamericano en M\u00e9xico, otro desaf\u00edo internacional para Yoel Vargas"},"content":{"rendered":"<p>Del 2 al 7 de julio se llevar\u00e1 a cabo en Jalisco, M\u00e9xico, el Campeonato Panamericano de Pista y Ruta junior. En el citado certamen internacional la selecci\u00f3n argentina presentar\u00e1 una delegaci\u00f3n con 8 ciclistas y entre ellos estar\u00e1 el rafaelino Yoel Vargas.<\/p>\n<p>El representante argentino en Buenos Aires 2018 competir\u00e1 en la Madison, y seguramente en otra especialidad a confirmar.<\/p>\n<p>Los dem\u00e1s integrantes del equipo argentino ser\u00e1n: Valentina Luna, Juan Manuel Godoy, Juan Paz, Lukas Dundic, Rodrigo Corro, Federico G\u00f3mez y William Brun, a las \u00f3rdenes del entrenador Gerardo Crisafulli.<\/p>\n<p>Posteriormente, Vargas tomar\u00e1 parte del Campeonato Mundial juvenil que se realizar\u00e1 en Alemania, donde las especialidades en que intervendr\u00e1 son Madison y Scratch. Al Mundial viajar\u00e1n s\u00f3lo dos corredores: Vargas y Rodrigo Corro, quienes entrenan con Daniel y Norberto Capella en el Club Ciclista de Rafaela.<\/p>\n<p>&nbsp;<\/p>\n","protected":false},"excerpt":{"rendered":"<p>Del 2 al 7 de julio se llevar\u00e1 a cabo en Jalisco, M\u00e9xico, el Campeonato Panamericano de Pista y Ruta<\/p>\n","protected":false},"author":2,"featured_media":17895,"comment_status":"open","ping_status":"open","sticky":false,"template":"","format":"standard","meta":{"footnotes":""},"categories":[4,24],"tags":[],"class_list":["post-17894","post","type-post","status-publish","format-standard","has-post-thumbnail","hentry","category-ciclismo","category-noticias-destacadas"],"cc_featured_image_caption":{"caption_text":"","source_text":"","source_url":""},"_links":{"self":[{"href":"https:\/\/todoapulmon-rafaela.com\/index.php\/wp-json\/wp\/v2\/posts\/17894"}],"collection":[{"href":"https:\/\/todoapulmon-rafaela.com\/index.php\/wp-json\/wp\/v2\/posts"}],"about":[{"href":"https:\/\/todoapulmon-rafaela.com\/index.php\/wp-json\/wp\/v2\/types\/post"}],"author":[{"embeddable":true,"href":"https:\/\/todoapulmon-rafaela.com\/index.php\/wp-json\/wp\/v2\/users\/2"}],"replies":[{"embeddable":true,"href":"https:\/\/todoapulmon-rafaela.com\/index.php\/wp-json\/wp\/v2\/comments?post=17894"}],"version-history":[{"count":4,"href":"https:\/\/todoapulmon-rafaela.com\/index.php\/wp-json\/wp\/v2\/posts\/17894\/revisions"}],"predecessor-version":[{"id":17899,"href":"https:\/\/todoapulmon-rafaela.com\/index.php\/wp-json\/wp\/v2\/posts\/17894\/revisions\/17899"}],"wp:featuredmedia":[{"embeddable":true,"href":"https:\/\/todoapulmon-rafaela.com\/index.php\/wp-json\/wp\/v2\/media\/17895"}],"wp:attachment":[{"href":"https:\/\/todoapulmon-rafaela.com\/index.php\/wp-json\/wp\/v2\/media?parent=17894"}],"wp:term":[{"taxonomy":"category","embeddable":true,"href":"https:\/\/todoapulmon-rafaela.com\/index.php\/wp-json\/wp\/v2\/categories?post=17894"},{"taxonomy":"post_tag","embeddable":true,"href":"https:\/\/todoapulmon-rafaela.com\/index.php\/wp-json\/wp\/v2\/tags?post=17894"}],"curies":[{"name":"wp","href":"https:\/\/api.w.org\/{rel}","templated":true}]}}