{"id":17884,"date":"2019-06-18T20:57:18","date_gmt":"2019-06-18T20:57:18","guid":{"rendered":"http:\/\/todoapulmon-rafaela.com\/?p=17884"},"modified":"2019-06-18T20:57:18","modified_gmt":"2019-06-18T20:57:18","slug":"meli-gretter-jugara-3x3-en-los-panamericanos","status":"publish","type":"post","link":"https:\/\/todoapulmon-rafaela.com\/index.php\/2019\/06\/18\/meli-gretter-jugara-3x3-en-los-panamericanos\/","title":{"rendered":"Meli Gretter jugar\u00e1 3&#215;3 en los Panamericanos"},"content":{"rendered":"<p>Los Juegos Panamericanos de Lima presentar\u00e1n como novedad la participaci\u00f3n del 3&#215;3 tanto en su rama masculina, como en la femenina. Y Argentina se presentar\u00e1 con muy buenos equipos en la b\u00fasqueda de seguir progresando en la disciplina.<\/p>\n<p>Inform\u00f3 hoy la CAAB que el\u00a0equipo masculino estar\u00e1 dirigido por Juan Gatti (quien ya estuvo a cargo del equipo U18 que gan\u00f3 en los Juegos de la Juventud 2018) y tendr\u00e1 como participantes a Luciano Massarelli, Fernando Zurbriggen, Nicol\u00e1s Romano y Fausto Ruesga. Ese grupo comenzar\u00e1 a entrenar el 17 de julio, en CeNARD, y el 24 viajar\u00e1 a Bah\u00eda. El debut ser\u00e1 el 27, ante Puerto Rico, y ese mismo d\u00eda se enfrentar\u00e1 con Venezuela. Un d\u00eda despu\u00e9s chocar\u00e1 con Rep\u00fablica Dominicana, Estados Unidos y Brasil.<br \/>\nPor el lado del femenino, el equipo estar\u00e1 integrado por la rafaelina Melisa Gretter, Andrea Boquete, Natacha P\u00e9rez y Victoria Llorente y ser\u00e1 dirigido por Juan Pablo Boadaz. Ese equipo tambi\u00e9n concentrar\u00e1 en CeNARD desde el 17 (Llorente ya lo viene haciendo de manera individual) y viaja para Per\u00fa el 24.<br \/>\nLas fechas de competencia ser\u00e1n similares, porque al igual que en los Juegos de la Juventud, el cronograma es mixto. Argentina debutar\u00e1 el 27 contra Estados Unidos y en esa misma jornada chocar\u00e1 con Dominicana y Uruguay. Al d\u00eda siguiente se cruzar\u00e1 con Brasil y Venezuela. Las definiciones de ambas ramas est\u00e1n previstas para el 29 de julio.<\/p>\n","protected":false},"excerpt":{"rendered":"<p>Los Juegos Panamericanos de Lima presentar\u00e1n como novedad la participaci\u00f3n del 3&#215;3 tanto en su rama masculina, como en la<\/p>\n","protected":false},"author":2,"featured_media":17885,"comment_status":"open","ping_status":"open","sticky":false,"template":"","format":"standard","meta":{"footnotes":""},"categories":[5,24],"tags":[],"class_list":["post-17884","post","type-post","status-publish","format-standard","has-post-thumbnail","hentry","category-basquet","category-noticias-destacadas"],"cc_featured_image_caption":{"caption_text":"","source_text":"","source_url":""},"_links":{"self":[{"href":"https:\/\/todoapulmon-rafaela.com\/index.php\/wp-json\/wp\/v2\/posts\/17884"}],"collection":[{"href":"https:\/\/todoapulmon-rafaela.com\/index.php\/wp-json\/wp\/v2\/posts"}],"about":[{"href":"https:\/\/todoapulmon-rafaela.com\/index.php\/wp-json\/wp\/v2\/types\/post"}],"author":[{"embeddable":true,"href":"https:\/\/todoapulmon-rafaela.com\/index.php\/wp-json\/wp\/v2\/users\/2"}],"replies":[{"embeddable":true,"href":"https:\/\/todoapulmon-rafaela.com\/index.php\/wp-json\/wp\/v2\/comments?post=17884"}],"version-history":[{"count":1,"href":"https:\/\/todoapulmon-rafaela.com\/index.php\/wp-json\/wp\/v2\/posts\/17884\/revisions"}],"predecessor-version":[{"id":17886,"href":"https:\/\/todoapulmon-rafaela.com\/index.php\/wp-json\/wp\/v2\/posts\/17884\/revisions\/17886"}],"wp:featuredmedia":[{"embeddable":true,"href":"https:\/\/todoapulmon-rafaela.com\/index.php\/wp-json\/wp\/v2\/media\/17885"}],"wp:attachment":[{"href":"https:\/\/todoapulmon-rafaela.com\/index.php\/wp-json\/wp\/v2\/media?parent=17884"}],"wp:term":[{"taxonomy":"category","embeddable":true,"href":"https:\/\/todoapulmon-rafaela.com\/index.php\/wp-json\/wp\/v2\/categories?post=17884"},{"taxonomy":"post_tag","embeddable":true,"href":"https:\/\/todoapulmon-rafaela.com\/index.php\/wp-json\/wp\/v2\/tags?post=17884"}],"curies":[{"name":"wp","href":"https:\/\/api.w.org\/{rel}","templated":true}]}}