{"id":17867,"date":"2019-06-16T21:25:05","date_gmt":"2019-06-16T21:25:05","guid":{"rendered":"http:\/\/todoapulmon-rafaela.com\/?p=17867"},"modified":"2019-06-16T21:25:20","modified_gmt":"2019-06-16T21:25:20","slug":"comienza-el-torneo-de-tenis-profesional-en-atletico","status":"publish","type":"post","link":"https:\/\/todoapulmon-rafaela.com\/index.php\/2019\/06\/16\/comienza-el-torneo-de-tenis-profesional-en-atletico\/","title":{"rendered":"Comienza el torneo de tenis profesional en Atl\u00e9tico"},"content":{"rendered":"<p>Entre este lunes y el mi\u00e9rcoles se disputar\u00e1 en las canchas de tenis del Club Atl\u00e9tico de Rafaela el torneo Abierto de 1\u00aa Profesional, para varones y mujeres, organizado por la Subcomisi\u00f3n de Tenis de la entidad y el profesor Claudio Faya.<\/p>\n<p>El mismo contar\u00e1 en el cuadro masculino con la participaci\u00f3n de 18 j\u00f3venes jugadores de Rafaela y la regi\u00f3n. El primer sembrado es Franco Ribero y el 2 Francisco Vittar, ambos actualmente en la Universidad de Texas Tech en los Estados Unidos.<\/p>\n<p>Los primeros cotejos programados ser\u00e1n este lunes a las 9.30 los que disputar\u00e1n Elian Vener con Mateo Bonelli y Mat\u00edas Franco frente a Emanuel Lombardi, cuyos ganadores se sumar\u00e1n a los octavos de final para enfrentar a Ribero y Vittar, respectivamente.<\/p>\n<p>De nuestra ciudad tambi\u00e9n se inscribieron Federico Zeiter, Ignacio Terragni y Francis Willener. Los partidos de octavos ya definidos son: Pedro Felipoff vs. Francisco Gay; Mat\u00edas Dest\u00e9fanis vs. Tom\u00e1s Posodonte; Francis Willener vs. Emanuel Perrota; Giovanni Fiore vs. Ignacio Terragni; Emir Buz\u00e1n vs. El\u00edas Grubet y Federico Zeiter vs. Tiago Galoppo.<\/p>\n<p>En la rama femenina los organizadores se encuentran ultimando detalles del cuadro, mencionando que participar\u00e1 Josefina Zehnder, quien recientemente culmin\u00f3 su etapa universitaria en Estados Unidos.<\/p>\n","protected":false},"excerpt":{"rendered":"<p>Entre este lunes y el mi\u00e9rcoles se disputar\u00e1 en las canchas de tenis del Club Atl\u00e9tico de Rafaela el torneo<\/p>\n","protected":false},"author":2,"featured_media":17868,"comment_status":"open","ping_status":"open","sticky":false,"template":"","format":"standard","meta":{"footnotes":""},"categories":[24,6],"tags":[],"class_list":["post-17867","post","type-post","status-publish","format-standard","has-post-thumbnail","hentry","category-noticias-destacadas","category-tenis"],"cc_featured_image_caption":{"caption_text":"Franco Ribero, uno de los principales protagonistas del torneo.","source_text":"","source_url":""},"_links":{"self":[{"href":"https:\/\/todoapulmon-rafaela.com\/index.php\/wp-json\/wp\/v2\/posts\/17867"}],"collection":[{"href":"https:\/\/todoapulmon-rafaela.com\/index.php\/wp-json\/wp\/v2\/posts"}],"about":[{"href":"https:\/\/todoapulmon-rafaela.com\/index.php\/wp-json\/wp\/v2\/types\/post"}],"author":[{"embeddable":true,"href":"https:\/\/todoapulmon-rafaela.com\/index.php\/wp-json\/wp\/v2\/users\/2"}],"replies":[{"embeddable":true,"href":"https:\/\/todoapulmon-rafaela.com\/index.php\/wp-json\/wp\/v2\/comments?post=17867"}],"version-history":[{"count":2,"href":"https:\/\/todoapulmon-rafaela.com\/index.php\/wp-json\/wp\/v2\/posts\/17867\/revisions"}],"predecessor-version":[{"id":17870,"href":"https:\/\/todoapulmon-rafaela.com\/index.php\/wp-json\/wp\/v2\/posts\/17867\/revisions\/17870"}],"wp:featuredmedia":[{"embeddable":true,"href":"https:\/\/todoapulmon-rafaela.com\/index.php\/wp-json\/wp\/v2\/media\/17868"}],"wp:attachment":[{"href":"https:\/\/todoapulmon-rafaela.com\/index.php\/wp-json\/wp\/v2\/media?parent=17867"}],"wp:term":[{"taxonomy":"category","embeddable":true,"href":"https:\/\/todoapulmon-rafaela.com\/index.php\/wp-json\/wp\/v2\/categories?post=17867"},{"taxonomy":"post_tag","embeddable":true,"href":"https:\/\/todoapulmon-rafaela.com\/index.php\/wp-json\/wp\/v2\/tags?post=17867"}],"curies":[{"name":"wp","href":"https:\/\/api.w.org\/{rel}","templated":true}]}}