{"id":17789,"date":"2019-06-10T12:04:45","date_gmt":"2019-06-10T12:04:45","guid":{"rendered":"http:\/\/todoapulmon-rafaela.com\/?p=17789"},"modified":"2019-06-10T12:04:45","modified_gmt":"2019-06-10T12:04:45","slug":"meritoria-participacion-de-bikers-en-la-copa-carlos-paz","status":"publish","type":"post","link":"https:\/\/todoapulmon-rafaela.com\/index.php\/2019\/06\/10\/meritoria-participacion-de-bikers-en-la-copa-carlos-paz\/","title":{"rendered":"Meritoria participaci\u00f3n de bikers en la Copa Carlos Paz"},"content":{"rendered":"<p>El domingo se corri\u00f3 la und\u00e9cima edici\u00f3n de la Copa Carlos Paz de mountain bike, una de las citas tradicionales en el calendario de esta modalidad y en la que intervinieron varios bikers de nuestra ciudad. Merece destacarse el tercer puesto de Luisina Simondi en damas Elite, el quinto lugar de Valentino Danna en menores, el octavo de Ra\u00fal Durando en Master D y el d\u00e9cimo de Leonardo Gonz\u00e1lez en B2, entre los principales ubicados.<\/p>\n<p>Este es el detalle de los rafaelinos con mejores desempe\u00f1os de acuerdo a la clasificaci\u00f3n oficial brindada por los organizadores (al final de la nota est\u00e1 descargada la clasificaci\u00f3n completa):<\/p>\n<p><strong>Damas Elite (17 inscriptas):<\/strong> 3\u00aa Luisina Simondi en 3h28m33s.<\/p>\n<p><strong>Varones menores (13 inscriptos):<\/strong> 5\u00ba Valentino Danna en 3h29m13s.<\/p>\n<p><strong>Sub 23 (30 inscriptos):<\/strong> 20\u00ba Eric Willener en 3h30m25s.<\/p>\n<p><strong>Elite (79 inscriptos):<\/strong> 15\u00ba Germ\u00e1n Leandri en 3h00m59s, 22\u00ba Nicol\u00e1s Chattelino 3h10m31s.<\/p>\n<p>Germ\u00e1n Leandri (izq.) en un momento de la prueba.<\/p>\n<p><img loading=\"lazy\" decoding=\"async\" class=\"alignnone size-medium wp-image-17792\" src=\"http:\/\/todoapulmon-rafaela.com\/wp-content\/uploads\/2019\/06\/Leandri-Copa-Carlos-Paz-300x192.jpg\" alt=\"Leandri Copa Carlos Paz\" width=\"300\" height=\"192\" srcset=\"https:\/\/todoapulmon-rafaela.com\/wp-content\/uploads\/2019\/06\/Leandri-Copa-Carlos-Paz-300x192.jpg 300w, https:\/\/todoapulmon-rafaela.com\/wp-content\/uploads\/2019\/06\/Leandri-Copa-Carlos-Paz.jpg 1600w\" sizes=\"(max-width: 300px) 100vw, 300px\" \/><\/p>\n<p><strong>Master A2 (132 inscriptos):<\/strong> 27\u00ba Mat\u00edas Dominino 3h01m55s, 34\u00ba Alejandro Palmero 3h05m18s.<\/p>\n<p><strong>Master B2 (131 inscriptos):<\/strong> 10\u00ba Leonardo Gonz\u00e1lez 3h00m03s, 15\u00ba C\u00e9sar Bonetto 3h02m09s, 35\u00ba Pablo Schnidrig 3h16m52s, 36\u00ba Gabriel Ravasio 3h17m02s.<\/p>\n<p><strong>Master C1 (98 inscriptos):<\/strong> 27\u00ba Oscar Abelda\u00f1o 3h25m48s, 28\u00ba Juan Schnidrig 3h26m56s.<\/p>\n<p><strong>Master C2 (52 inscriptos):<\/strong> 29\u00ba Norberto Willener 3h49m48s.<\/p>\n<p><strong>Master B1 (168 inscriptos):<\/strong> 49\u00ba Daniel Schmidt en 3h16m41s, 55\u00ba Joaqu\u00edn Roca 3h18m58s.<\/p>\n<p><strong>Master D2 (18 inscriptos):<\/strong> 8\u00ba Ra\u00fal Durando 3h54m47s.<\/p>\n<p><a href=\"http:\/\/todoapulmon-rafaela.com\/wp-content\/uploads\/2019\/06\/COPA-CARLOS-PAZ-2019.pdf\" rel=\"\">COPA CARLOS PAZ 2019<\/a><\/p>\n","protected":false},"excerpt":{"rendered":"<p>El domingo se corri\u00f3 la und\u00e9cima edici\u00f3n de la Copa Carlos Paz de mountain bike, una de las citas tradicionales<\/p>\n","protected":false},"author":2,"featured_media":17791,"comment_status":"open","ping_status":"open","sticky":false,"template":"","format":"standard","meta":{"footnotes":""},"categories":[4,24],"tags":[],"class_list":["post-17789","post","type-post","status-publish","format-standard","has-post-thumbnail","hentry","category-ciclismo","category-noticias-destacadas"],"cc_featured_image_caption":{"caption_text":"La premiaci\u00f3n de la categor\u00eda B2 donde fue d\u00e9cimo el susanense Leonardo Gonz\u00e1lez.","source_text":"","source_url":""},"_links":{"self":[{"href":"https:\/\/todoapulmon-rafaela.com\/index.php\/wp-json\/wp\/v2\/posts\/17789"}],"collection":[{"href":"https:\/\/todoapulmon-rafaela.com\/index.php\/wp-json\/wp\/v2\/posts"}],"about":[{"href":"https:\/\/todoapulmon-rafaela.com\/index.php\/wp-json\/wp\/v2\/types\/post"}],"author":[{"embeddable":true,"href":"https:\/\/todoapulmon-rafaela.com\/index.php\/wp-json\/wp\/v2\/users\/2"}],"replies":[{"embeddable":true,"href":"https:\/\/todoapulmon-rafaela.com\/index.php\/wp-json\/wp\/v2\/comments?post=17789"}],"version-history":[{"count":1,"href":"https:\/\/todoapulmon-rafaela.com\/index.php\/wp-json\/wp\/v2\/posts\/17789\/revisions"}],"predecessor-version":[{"id":17793,"href":"https:\/\/todoapulmon-rafaela.com\/index.php\/wp-json\/wp\/v2\/posts\/17789\/revisions\/17793"}],"wp:featuredmedia":[{"embeddable":true,"href":"https:\/\/todoapulmon-rafaela.com\/index.php\/wp-json\/wp\/v2\/media\/17791"}],"wp:attachment":[{"href":"https:\/\/todoapulmon-rafaela.com\/index.php\/wp-json\/wp\/v2\/media?parent=17789"}],"wp:term":[{"taxonomy":"category","embeddable":true,"href":"https:\/\/todoapulmon-rafaela.com\/index.php\/wp-json\/wp\/v2\/categories?post=17789"},{"taxonomy":"post_tag","embeddable":true,"href":"https:\/\/todoapulmon-rafaela.com\/index.php\/wp-json\/wp\/v2\/tags?post=17789"}],"curies":[{"name":"wp","href":"https:\/\/api.w.org\/{rel}","templated":true}]}}