{"id":17720,"date":"2019-06-04T13:28:26","date_gmt":"2019-06-04T13:28:26","guid":{"rendered":"http:\/\/todoapulmon-rafaela.com\/?p=17720"},"modified":"2019-06-04T13:28:26","modified_gmt":"2019-06-04T13:28:26","slug":"buena-labor-de-runners-en-santa-fe","status":"publish","type":"post","link":"https:\/\/todoapulmon-rafaela.com\/index.php\/2019\/06\/04\/buena-labor-de-runners-en-santa-fe\/","title":{"rendered":"Buena labor de runners en Santa Fe"},"content":{"rendered":"<p>La denominada por los organizadores \u201cMarat\u00f3n CUDAIO\u201d realizada el domingo en Santa Fe convoc\u00f3 a m\u00e1s de 500 runners de la capital provincial y una amplia regi\u00f3n para recorrer la distancia de 10k, incluyendo varias participaciones rafaelinas.<\/p>\n<p>En tal sentido cabe mencionar el buen desempe\u00f1o de Ezequiel Tello, del grupo Blode Runners a cargo de Ariel Magallanes, quien fue primero en la categor\u00eda de 25 a 29 a\u00f1os con un tiempo de 36m40s y s\u00e9ptimo en la clasificaci\u00f3n general. Su compa\u00f1ero Romano Mazza fue tercero en la categor\u00eda de 30 a 34 y 12\u00b0 en la general con 38m08s.<\/p>\n<p>En la clasificaci\u00f3n masculina cabe mencionar tambi\u00e9n a Germ\u00e1n Eggel en la categor\u00eda de 45 a 49 a\u00f1os, que fue sexto.<\/p>\n<p>En damas, Cecilia Seling fue cuarta en 35 a 39 a\u00f1os, en cuanto a los desempe\u00f1os m\u00e1s meritorios.<\/p>\n<p>Las generales fueron ganadas por los locales Gustavo Oliva (33m19s) y Soledad Morlio (38m54).<\/p>\n","protected":false},"excerpt":{"rendered":"<p>La denominada por los organizadores \u201cMarat\u00f3n CUDAIO\u201d realizada el domingo en Santa Fe convoc\u00f3 a m\u00e1s de 500 runners de<\/p>\n","protected":false},"author":2,"featured_media":17722,"comment_status":"open","ping_status":"open","sticky":false,"template":"","format":"standard","meta":{"footnotes":""},"categories":[7,24],"tags":[],"class_list":["post-17720","post","type-post","status-publish","format-standard","has-post-thumbnail","hentry","category-atletismo","category-noticias-destacadas"],"cc_featured_image_caption":{"caption_text":"Ezequiel Tello, Cecilia Seling y Romano Mazza en Santa Fe. ","source_text":"","source_url":""},"_links":{"self":[{"href":"https:\/\/todoapulmon-rafaela.com\/index.php\/wp-json\/wp\/v2\/posts\/17720"}],"collection":[{"href":"https:\/\/todoapulmon-rafaela.com\/index.php\/wp-json\/wp\/v2\/posts"}],"about":[{"href":"https:\/\/todoapulmon-rafaela.com\/index.php\/wp-json\/wp\/v2\/types\/post"}],"author":[{"embeddable":true,"href":"https:\/\/todoapulmon-rafaela.com\/index.php\/wp-json\/wp\/v2\/users\/2"}],"replies":[{"embeddable":true,"href":"https:\/\/todoapulmon-rafaela.com\/index.php\/wp-json\/wp\/v2\/comments?post=17720"}],"version-history":[{"count":2,"href":"https:\/\/todoapulmon-rafaela.com\/index.php\/wp-json\/wp\/v2\/posts\/17720\/revisions"}],"predecessor-version":[{"id":17723,"href":"https:\/\/todoapulmon-rafaela.com\/index.php\/wp-json\/wp\/v2\/posts\/17720\/revisions\/17723"}],"wp:featuredmedia":[{"embeddable":true,"href":"https:\/\/todoapulmon-rafaela.com\/index.php\/wp-json\/wp\/v2\/media\/17722"}],"wp:attachment":[{"href":"https:\/\/todoapulmon-rafaela.com\/index.php\/wp-json\/wp\/v2\/media?parent=17720"}],"wp:term":[{"taxonomy":"category","embeddable":true,"href":"https:\/\/todoapulmon-rafaela.com\/index.php\/wp-json\/wp\/v2\/categories?post=17720"},{"taxonomy":"post_tag","embeddable":true,"href":"https:\/\/todoapulmon-rafaela.com\/index.php\/wp-json\/wp\/v2\/tags?post=17720"}],"curies":[{"name":"wp","href":"https:\/\/api.w.org\/{rel}","templated":true}]}}