{"id":17613,"date":"2019-05-29T02:58:49","date_gmt":"2019-05-29T02:58:49","guid":{"rendered":"http:\/\/todoapulmon-rafaela.com\/?p=17613"},"modified":"2019-05-29T03:07:10","modified_gmt":"2019-05-29T03:07:10","slug":"natalia-vera-se-prepara-para-los-panamericanos","status":"publish","type":"post","link":"https:\/\/todoapulmon-rafaela.com\/index.php\/2019\/05\/29\/natalia-vera-se-prepara-para-los-panamericanos\/","title":{"rendered":"Natalia Vera se prepara para los Panamericanos"},"content":{"rendered":"<p>La Selecci\u00f3n Argentina de pista y ruta ya se est\u00e1 preparando para los Juegos Panamericanos de Lima. Entre sus integrantes est\u00e1 Natalia Vera, que afrontar\u00e1 otra importante experiencia internacional.<\/p>\n<p>La santiague\u00f1a que lleva algunos a\u00f1os representando al Club Ciclista de Rafaela, con Norberto y Daniel Capella como entrenadores, participar\u00e1 de la velocidad, y la velocidad ol\u00edmpica con Mariana Diaz, con quien ya compitiera el a\u00f1o pasado en los Odesur y Panamericanos de ciclismo en M\u00e9xico.<\/p>\n<p>Por otra parte, en cuanto al resto del equipo conformado por pedalistas que pudieron lograr las clasificaciones en anteriores eventos,\u00a0Tom\u00e1s Contte participar\u00e1 en el Omnium y en la Madison junto a Maxi Richeze; en V<span class=\"text_exposed_show\">elocidad y Keirin lo har\u00e1 Leandro Bottasso; y Rub\u00e9n Ramos lo har\u00e1 en la Ruta, con la crono y la prueba en l\u00ednea d\u00f3nde se le sumar\u00e1n Contte, Richeze y Nicol\u00e1s Tivani.<br \/>\nEn damas, Fernanda Yapura correr\u00e1 la crono y la prueba en l\u00ednea; Fiorella Malaspina tambi\u00e9n disputar\u00e1 la Crono y podr\u00eda hacer pareja de Madison con Maribel Aguirre, inform\u00f3 la FACPyR.<\/span><\/p>\n<p>Los Juegos Panamericanos Lima 2019 se inaugurar\u00e1n el 26 de julio en el Estadio Nacional. El evento deportivo acoger\u00e1 a 6680 deportistas de 41 pa\u00edses.<\/p>\n","protected":false},"excerpt":{"rendered":"<p>La Selecci\u00f3n Argentina de pista y ruta ya se est\u00e1 preparando para los Juegos Panamericanos de Lima. Entre sus integrantes<\/p>\n","protected":false},"author":2,"featured_media":17617,"comment_status":"open","ping_status":"open","sticky":false,"template":"","format":"standard","meta":{"footnotes":""},"categories":[4,24],"tags":[],"class_list":["post-17613","post","type-post","status-publish","format-standard","has-post-thumbnail","hentry","category-ciclismo","category-noticias-destacadas"],"cc_featured_image_caption":{"caption_text":"D\u00edaz y Vera cuando obtuvieron la medalla en Cochabamba.","source_text":"","source_url":""},"_links":{"self":[{"href":"https:\/\/todoapulmon-rafaela.com\/index.php\/wp-json\/wp\/v2\/posts\/17613"}],"collection":[{"href":"https:\/\/todoapulmon-rafaela.com\/index.php\/wp-json\/wp\/v2\/posts"}],"about":[{"href":"https:\/\/todoapulmon-rafaela.com\/index.php\/wp-json\/wp\/v2\/types\/post"}],"author":[{"embeddable":true,"href":"https:\/\/todoapulmon-rafaela.com\/index.php\/wp-json\/wp\/v2\/users\/2"}],"replies":[{"embeddable":true,"href":"https:\/\/todoapulmon-rafaela.com\/index.php\/wp-json\/wp\/v2\/comments?post=17613"}],"version-history":[{"count":3,"href":"https:\/\/todoapulmon-rafaela.com\/index.php\/wp-json\/wp\/v2\/posts\/17613\/revisions"}],"predecessor-version":[{"id":17619,"href":"https:\/\/todoapulmon-rafaela.com\/index.php\/wp-json\/wp\/v2\/posts\/17613\/revisions\/17619"}],"wp:featuredmedia":[{"embeddable":true,"href":"https:\/\/todoapulmon-rafaela.com\/index.php\/wp-json\/wp\/v2\/media\/17617"}],"wp:attachment":[{"href":"https:\/\/todoapulmon-rafaela.com\/index.php\/wp-json\/wp\/v2\/media?parent=17613"}],"wp:term":[{"taxonomy":"category","embeddable":true,"href":"https:\/\/todoapulmon-rafaela.com\/index.php\/wp-json\/wp\/v2\/categories?post=17613"},{"taxonomy":"post_tag","embeddable":true,"href":"https:\/\/todoapulmon-rafaela.com\/index.php\/wp-json\/wp\/v2\/tags?post=17613"}],"curies":[{"name":"wp","href":"https:\/\/api.w.org\/{rel}","templated":true}]}}