{"id":17453,"date":"2019-05-18T18:45:01","date_gmt":"2019-05-18T18:45:01","guid":{"rendered":"http:\/\/todoapulmon-rafaela.com\/?p=17453"},"modified":"2019-05-18T18:50:28","modified_gmt":"2019-05-18T18:50:28","slug":"santiago-busto-campeon-con-santa-fe-en-el-nacional-de-handball","status":"publish","type":"post","link":"https:\/\/todoapulmon-rafaela.com\/index.php\/2019\/05\/18\/santiago-busto-campeon-con-santa-fe-en-el-nacional-de-handball\/","title":{"rendered":"Santiago Busto campe\u00f3n con Santa Fe en el Nacional de Handball"},"content":{"rendered":"<p>Este s\u00e1bado culmin\u00f3 el Campeonato\u00a0Argentino de Selecciones Cadetes de handball en la ciudad balnearia de Chapadmalal. Una enorme satisfacci\u00f3n tuvo el seleccionado de Santa Fe masculino que, con la presencia del arquero rafaelino Santiago Busto, jugador del CEF 53, se consagr\u00f3 campe\u00f3n del Nivel B tras superar en la final a Chaco por 21 a 18.<\/p>\n<p>El seleccionado provincial ya hab\u00eda asegurado el ascenso en la jornada anterior, luego de imponerse a\u00a0AsBalNor (Norte de la Provincia de Buenos Aires) por 40-31.<\/p>\n<p>En su camino al t\u00edtulo, los resultados fueron estos: fase clasificatoria, Santa Fe 45 &#8211; Rosario 23; Santa Fe 28 &#8211; Chaco 23; Santa Fe 45 &#8211; Jujuy 16.<\/p>\n<p>Semifinal: Santa Fe 40 &#8211; AsBalNor 31. Final: Chaco 18 &#8211; Santa Fe 21.<\/p>\n<p>El equipo estuvo integrado por:\u00a0Joaqu\u00edn Alvarez, Maximo Armua, Joaqu\u00edn Bahl, <strong>Santiago Busto<\/strong>, Ignacio Doldan, M\u00e1ximo Esquivel, Juan Ignacio G\u00f3mez, Ignacio Piazza, Tom\u00e1s Reible, Gaspar Riera, Tom\u00e1s Riera, Ignacio Stodola, Nahuel Torrielli, Gianfranco Trifilio y Agust\u00edn Villalba. Cuerpo t\u00e9cnico: Gast\u00f3n Albornoz, Juli\u00e1n Maldonado y Fernando Pinget.<\/p>\n<p>Asociaci\u00f3n Santafesina de Handball y Federaci\u00f3n Chaque\u00f1a de Handball ganaron una plaza para disputar el Argentino de Selecciones \u201cA\u201d 2020.<\/p>\n<p>EN DAMAS<\/p>\n<p>Por su parte, el equipo femenino de la ASH culmin\u00f3 en la s\u00e9ptima posici\u00f3n del Nacional de Cadetes B. Este representativo cont\u00f3 tambi\u00e9n con dos presencias del CEF 53, Delfina Picco y Valentina Amaya.<\/p>\n<p>Los resultados fueron: fase clasificatoria, AsBalNor 28 &#8211; Santa Fe 24; Santa Fe 25 &#8211; Jujuy 11 y Tucum\u00e1n 25 &#8211; Santa Fe 15.<\/p>\n<p>Reclasificaci\u00f3n: Santa Fe 9 &#8211; Chubut 32 y La Pampa 22 &#8211; Santa Fe 23.<\/p>\n","protected":false},"excerpt":{"rendered":"<p>Este s\u00e1bado culmin\u00f3 el Campeonato\u00a0Argentino de Selecciones Cadetes de handball en la ciudad balnearia de Chapadmalal. Una enorme satisfacci\u00f3n tuvo<\/p>\n","protected":false},"author":2,"featured_media":17455,"comment_status":"open","ping_status":"open","sticky":false,"template":"","format":"standard","meta":{"footnotes":""},"categories":[24],"tags":[],"class_list":["post-17453","post","type-post","status-publish","format-standard","has-post-thumbnail","hentry","category-noticias-destacadas"],"cc_featured_image_caption":{"caption_text":"El seleccionado campe\u00f3n en Chapadmalal (foto Confederaci\u00f3n Argentina de Handball).","source_text":"","source_url":""},"_links":{"self":[{"href":"https:\/\/todoapulmon-rafaela.com\/index.php\/wp-json\/wp\/v2\/posts\/17453"}],"collection":[{"href":"https:\/\/todoapulmon-rafaela.com\/index.php\/wp-json\/wp\/v2\/posts"}],"about":[{"href":"https:\/\/todoapulmon-rafaela.com\/index.php\/wp-json\/wp\/v2\/types\/post"}],"author":[{"embeddable":true,"href":"https:\/\/todoapulmon-rafaela.com\/index.php\/wp-json\/wp\/v2\/users\/2"}],"replies":[{"embeddable":true,"href":"https:\/\/todoapulmon-rafaela.com\/index.php\/wp-json\/wp\/v2\/comments?post=17453"}],"version-history":[{"count":3,"href":"https:\/\/todoapulmon-rafaela.com\/index.php\/wp-json\/wp\/v2\/posts\/17453\/revisions"}],"predecessor-version":[{"id":17458,"href":"https:\/\/todoapulmon-rafaela.com\/index.php\/wp-json\/wp\/v2\/posts\/17453\/revisions\/17458"}],"wp:featuredmedia":[{"embeddable":true,"href":"https:\/\/todoapulmon-rafaela.com\/index.php\/wp-json\/wp\/v2\/media\/17455"}],"wp:attachment":[{"href":"https:\/\/todoapulmon-rafaela.com\/index.php\/wp-json\/wp\/v2\/media?parent=17453"}],"wp:term":[{"taxonomy":"category","embeddable":true,"href":"https:\/\/todoapulmon-rafaela.com\/index.php\/wp-json\/wp\/v2\/categories?post=17453"},{"taxonomy":"post_tag","embeddable":true,"href":"https:\/\/todoapulmon-rafaela.com\/index.php\/wp-json\/wp\/v2\/tags?post=17453"}],"curies":[{"name":"wp","href":"https:\/\/api.w.org\/{rel}","templated":true}]}}