{"id":17447,"date":"2019-05-17T16:35:58","date_gmt":"2019-05-17T16:35:58","guid":{"rendered":"http:\/\/todoapulmon-rafaela.com\/?p=17447"},"modified":"2019-05-17T16:35:58","modified_gmt":"2019-05-17T16:35:58","slug":"crar-arranca-un-nuevo-desafio-buscando-la-permanencia","status":"publish","type":"post","link":"https:\/\/todoapulmon-rafaela.com\/index.php\/2019\/05\/17\/crar-arranca-un-nuevo-desafio-buscando-la-permanencia\/","title":{"rendered":"CRAR arranca un nuevo desaf\u00edo buscando la permanencia"},"content":{"rendered":"<p>El C\u00edrculo Rafaelino de Rugby visitar\u00e1 este s\u00e1bado a La Salle en el comienzo de la segunda fase del Torneo Regional del Litoral, denominada Reubicaci\u00f3n en este segmento donde los diez equipos participantes se enfrentar\u00e1n todos contra todos a una rueda. El partido en Caba\u00f1a Leiva dar\u00e1 comienzo a las 16 y ser\u00e1 arbitrado por Exequiel Adrover. En pre-reserva jugar\u00e1n a las 12.45 con el contralor de Esteban Guti\u00e9rrez, mientras que a las 14.15 se iniciar\u00e1 la reserva con arbitraje de Federico Gonzalez.<\/p>\n<p>Luego de no haber podido clasificar, ni sumar triunfos en la primera etapa (Top 10), el Verde se enfoca ahora en un un torneo en el cual se siente protagonista y donde tratar\u00e1 de ratificarlo una temporada m\u00e1s en la b\u00fasqueda de los dos cupos para jugar en Primera el TRL 2020.<\/p>\n<p>La formaci\u00f3n de la escuadra dirigida por Cristian Martino ser\u00e1 con: 1- Andr\u00e9s\u00a0Passerini, 2- Mart\u00edn\u00a0Zegaib y\u00a03- Mat\u00edas Rocchi;\u00a04- Mariano Ferrero y\u00a05- Federico Davicino;\u00a06- Juan Pablo Imvinkelried,\u00a07- Manuel Mandrille y\u00a08- Facundo Aimo;\u00a09- Maximiliano Bertholt y\u00a010- Pablo Villar (c);\u00a011- Franco Rosso,\u00a012- Jos\u00e9 Williner,\u00a013- Guillermo Brown,\u00a014- Ricardo Brown; 15- J. Nicol\u00e1s Imvinkelried.<\/p>\n<p>LA PROGRAMACION<\/p>\n<p>Adem\u00e1s de La Salle vs. CRAR, jugar\u00e1n desde las 16: Logaritmo de Rosario vs. Tilcara de Paran\u00e1, Ulises Ruiz; Los Caranchos de Rosario vs. Universitario de Santa Fe, Emiliano Coll; Alma Juniors de Esperanza vs. Provincial de Rosario, Fernando De Feo; y Pampas de Rufino vs. Universitario de Rosario, Pablo Bel\u00e9n.<\/p>\n<p>&nbsp;<\/p>\n<p>&nbsp;<\/p>\n<p>&nbsp;<\/p>\n","protected":false},"excerpt":{"rendered":"<p>El C\u00edrculo Rafaelino de Rugby visitar\u00e1 este s\u00e1bado a La Salle en el comienzo de la segunda fase del Torneo<\/p>\n","protected":false},"author":2,"featured_media":17448,"comment_status":"open","ping_status":"open","sticky":false,"template":"","format":"standard","meta":{"footnotes":""},"categories":[24,2],"tags":[],"class_list":["post-17447","post","type-post","status-publish","format-standard","has-post-thumbnail","hentry","category-noticias-destacadas","category-rugby"],"cc_featured_image_caption":{"caption_text":"Mat\u00edas Rocchi y Mart\u00edn Zegaib, dos referentes del Verde determinantes en el pack de forwards.","source_text":"","source_url":""},"_links":{"self":[{"href":"https:\/\/todoapulmon-rafaela.com\/index.php\/wp-json\/wp\/v2\/posts\/17447"}],"collection":[{"href":"https:\/\/todoapulmon-rafaela.com\/index.php\/wp-json\/wp\/v2\/posts"}],"about":[{"href":"https:\/\/todoapulmon-rafaela.com\/index.php\/wp-json\/wp\/v2\/types\/post"}],"author":[{"embeddable":true,"href":"https:\/\/todoapulmon-rafaela.com\/index.php\/wp-json\/wp\/v2\/users\/2"}],"replies":[{"embeddable":true,"href":"https:\/\/todoapulmon-rafaela.com\/index.php\/wp-json\/wp\/v2\/comments?post=17447"}],"version-history":[{"count":1,"href":"https:\/\/todoapulmon-rafaela.com\/index.php\/wp-json\/wp\/v2\/posts\/17447\/revisions"}],"predecessor-version":[{"id":17449,"href":"https:\/\/todoapulmon-rafaela.com\/index.php\/wp-json\/wp\/v2\/posts\/17447\/revisions\/17449"}],"wp:featuredmedia":[{"embeddable":true,"href":"https:\/\/todoapulmon-rafaela.com\/index.php\/wp-json\/wp\/v2\/media\/17448"}],"wp:attachment":[{"href":"https:\/\/todoapulmon-rafaela.com\/index.php\/wp-json\/wp\/v2\/media?parent=17447"}],"wp:term":[{"taxonomy":"category","embeddable":true,"href":"https:\/\/todoapulmon-rafaela.com\/index.php\/wp-json\/wp\/v2\/categories?post=17447"},{"taxonomy":"post_tag","embeddable":true,"href":"https:\/\/todoapulmon-rafaela.com\/index.php\/wp-json\/wp\/v2\/tags?post=17447"}],"curies":[{"name":"wp","href":"https:\/\/api.w.org\/{rel}","templated":true}]}}