{"id":17421,"date":"2019-05-16T14:43:28","date_gmt":"2019-05-16T14:43:28","guid":{"rendered":"http:\/\/todoapulmon-rafaela.com\/?p=17421"},"modified":"2019-05-16T15:21:17","modified_gmt":"2019-05-16T15:21:17","slug":"segundo-puesto-para-beltramo-en-fiambala","status":"publish","type":"post","link":"https:\/\/todoapulmon-rafaela.com\/index.php\/2019\/05\/16\/segundo-puesto-para-beltramo-en-fiambala\/","title":{"rendered":"Segundo puesto para Beltramo en Fiambal\u00e1"},"content":{"rendered":"<p>Durante el pasado fin de semana se desarroll\u00f3 en Catamarca la Fiambal\u00e1 Desert Trail, una de las exigentes pruebas de trail del calendario nacional. All\u00ed estuvo participando el rafaelino Claudio Beltramo, quien tuvo una destacada labor quedando en el segundo puesto de su categor\u00eda y en el noveno en la general en la distancia de 15 kil\u00f3metros, con un tiempo de 1h52m06s. Cabe mencionar que las categor\u00edas en esta oportunidad fueron muy amplias, ya que en el caso de la de \u00abCaito\u00bb se contempl\u00f3 de 40 a 59 a\u00f1os.<\/p>\n<p>Se corri\u00f3 en esta distancia, la cual tuvo un tramo m\u00e1s al informado, hasta las Termas de Fiambal\u00e1 y regresaron por una Ca\u00f1ada de un r\u00edo seco, con piedras sueltas, llegando hasta una altimetr\u00eda de 2.400 metros. \u00abFue muy lindo, para los que nos gusta esto del trail, estuvo muy bueno. La verdad que qued\u00e9 muy conforme, los lugares que pasamos fueron muy lindos, sin senderos, terrenos v\u00edrgenes, y los primeros 30 lugares fueron de los locales. Una experiencia muy linda\u00bb, puntualiz\u00f3 Beltramo.<\/p>\n<p>Del Team Impacto Running tambi\u00e9n intervino Juan Garmendia, con una meritoria performance: 49 en la general y 37 en su categor\u00eda.<\/p>\n<figure id=\"attachment_17423\" aria-describedby=\"caption-attachment-17423\" style=\"width: 300px\" class=\"wp-caption alignnone\"><img loading=\"lazy\" decoding=\"async\" class=\"size-medium wp-image-17423\" src=\"http:\/\/todoapulmon-rafaela.com\/wp-content\/uploads\/2019\/05\/IMG-20190516-WA00041-300x300.jpg\" alt=\"Juan Garmendia y Claudio Beltramo.\" width=\"300\" height=\"300\" srcset=\"https:\/\/todoapulmon-rafaela.com\/wp-content\/uploads\/2019\/05\/IMG-20190516-WA00041-300x300.jpg 300w, https:\/\/todoapulmon-rafaela.com\/wp-content\/uploads\/2019\/05\/IMG-20190516-WA00041-150x150.jpg 150w, https:\/\/todoapulmon-rafaela.com\/wp-content\/uploads\/2019\/05\/IMG-20190516-WA00041.jpg 959w\" sizes=\"(max-width: 300px) 100vw, 300px\" \/><figcaption id=\"caption-attachment-17423\" class=\"wp-caption-text\">Juan Garmendia y Claudio Beltramo.<\/figcaption><\/figure>\n","protected":false},"excerpt":{"rendered":"<p>Durante el pasado fin de semana se desarroll\u00f3 en Catamarca la Fiambal\u00e1 Desert Trail, una de las exigentes pruebas de<\/p>\n","protected":false},"author":2,"featured_media":17422,"comment_status":"open","ping_status":"open","sticky":false,"template":"","format":"standard","meta":{"footnotes":""},"categories":[7,24],"tags":[],"class_list":["post-17421","post","type-post","status-publish","format-standard","has-post-thumbnail","hentry","category-atletismo","category-noticias-destacadas"],"cc_featured_image_caption":{"caption_text":"Beltramo en el podio de la categor\u00eda de 40 a 59 en 15k.","source_text":"","source_url":""},"_links":{"self":[{"href":"https:\/\/todoapulmon-rafaela.com\/index.php\/wp-json\/wp\/v2\/posts\/17421"}],"collection":[{"href":"https:\/\/todoapulmon-rafaela.com\/index.php\/wp-json\/wp\/v2\/posts"}],"about":[{"href":"https:\/\/todoapulmon-rafaela.com\/index.php\/wp-json\/wp\/v2\/types\/post"}],"author":[{"embeddable":true,"href":"https:\/\/todoapulmon-rafaela.com\/index.php\/wp-json\/wp\/v2\/users\/2"}],"replies":[{"embeddable":true,"href":"https:\/\/todoapulmon-rafaela.com\/index.php\/wp-json\/wp\/v2\/comments?post=17421"}],"version-history":[{"count":2,"href":"https:\/\/todoapulmon-rafaela.com\/index.php\/wp-json\/wp\/v2\/posts\/17421\/revisions"}],"predecessor-version":[{"id":17425,"href":"https:\/\/todoapulmon-rafaela.com\/index.php\/wp-json\/wp\/v2\/posts\/17421\/revisions\/17425"}],"wp:featuredmedia":[{"embeddable":true,"href":"https:\/\/todoapulmon-rafaela.com\/index.php\/wp-json\/wp\/v2\/media\/17422"}],"wp:attachment":[{"href":"https:\/\/todoapulmon-rafaela.com\/index.php\/wp-json\/wp\/v2\/media?parent=17421"}],"wp:term":[{"taxonomy":"category","embeddable":true,"href":"https:\/\/todoapulmon-rafaela.com\/index.php\/wp-json\/wp\/v2\/categories?post=17421"},{"taxonomy":"post_tag","embeddable":true,"href":"https:\/\/todoapulmon-rafaela.com\/index.php\/wp-json\/wp\/v2\/tags?post=17421"}],"curies":[{"name":"wp","href":"https:\/\/api.w.org\/{rel}","templated":true}]}}