{"id":17328,"date":"2019-05-11T00:09:36","date_gmt":"2019-05-11T00:09:36","guid":{"rendered":"http:\/\/todoapulmon-rafaela.com\/?p=17328"},"modified":"2019-05-11T00:17:56","modified_gmt":"2019-05-11T00:17:56","slug":"de-los-lanzadores-las-primeras-medallas","status":"publish","type":"post","link":"https:\/\/todoapulmon-rafaela.com\/index.php\/2019\/05\/11\/de-los-lanzadores-las-primeras-medallas\/","title":{"rendered":"De los lanzadores las primeras medallas"},"content":{"rendered":"<p style=\"text-align: center\">Buen inicio para los atletas rafaelinos en la Copa Nacional de Clubes U16 de atletismo que se desarrolla en la pista \u201cJusto Rom\u00e1n\u201d de Mar del Plata, en paralelo con el Campeonato Nacional U20.<\/p>\n<p>Los representantes del CRAS, entidad que defiende el t\u00edtulo por equipos logrado el a\u00f1o pasado en Concordia, obtuvieron este viernes dos medallas de plata y una de bronce, en una jornada marcada por el buen nivel de los lanzadores de nuestro medio.<\/p>\n<p>Naiara Vega fue segunda en la prueba de lanzamiento de disco. La atleta entrenada por\u00a0<a href=\"https:\/\/www.facebook.com\/leandro.bonamino?__tn__=K-R&amp;eid=ARArn0Cl0xCZgEYmEnzbz9TVlzOQS_BRjFpxvYJfc2fCLaztE4wkkMSvoCje-0EbGWRBP-V2nx0pQk51&amp;fref=mentions&amp;__xts__%5B0%5D=68.ARC3vzaiAsH9q3aQtOGXChG4Ec43exkq99kv3-AufJRS_wLPSlDk34qFWajjRuXyadiqDviakuWAmG1iMI6eJcXjL3RLBGl2C4jSJ4ZfDtxdb00EdXgauo6okk6FHFuVbU2BrCAvHHda9Ee_z0NlC5sgXAJ0yWJmT69aPP_m53lINJfz243N1s_IsJJ6b7bR5kBhJOE32YmEDUy_F4h6D74_BKZ183ezJZLXodp7xN8p3DLirhOU1uZRDDERKKn00XSaLk3tB24GaRn126BEG8pG8jvm5BSfh6qNsMGpK0vWOmXL-MgI5Fhp6_b9RZOZWvLg3eZFPex8NWDnPOrtHlk\" target=\"_blank\" rel=\"noreferrer\">Leandro Bonamino<\/a>\u00a0tuvo un registro de 35m37cm, quedando a 85 cm de la ganadora, Florencia Dupans.<\/p>\n<p>Previamente, con una marca de 55m33cm, el lanzador Mateo M\u00e9ndez obtuvo la medalla de plata en lanzamiento de martillo. El ganador fue Tom\u00e1s Olivera con 61m72.<\/p>\n<p>En cuanto a la presea de bronce fue para Federica Bogado en martillo. La atleta entrenada por\u00a0<a href=\"https:\/\/www.facebook.com\/ariel.magallanes.12?__tn__=K-R&amp;eid=ARDR9paQ6UKSa7GsYqph1UGm_GsW42QbsRBKo-7sI0vP_8msFPgu13WFC5-AueH2wHYhrok3oDmjvkpP&amp;fref=mentions&amp;__xts__%5B0%5D=68.ARCbKb0EPfHB9QjaxEs0iFMjNX4QAhoFjX8_aC7V8tokXvWJ-3918un3dUmFrn808hyRZvcsMyZ4iARXoIdllt9PiqWW5wMsVp0gYhDZskTFJDjKHlHMfN1jVFTgEangL-yRl28tKFpDGREYoogW4guAxf6Uv-kYc3EwCNjgwQaNhhWgELx1mPWwtJXT8aBqIdXWlnoKcxh-NdrV6znodh40rmdoX23s4m0vrTXa4lo1H2b1NUx41gjv5ZhtBVf4mnifSWFBUoxaxaS4a2ABq52mX0XkX8b-6WylVIzG98WfI74wo7a-cqJO7Cf-ds9iRUPpiA2YOJpSOA1G0bmiaXM\" target=\"_blank\" rel=\"noreferrer\">Ariel Magallanes<\/a>\u00a0tuvo una marca de 38m24cm.<\/p>\n<p>Fuera de las pruebas de lanzamiento, tambi\u00e9n subi\u00f3 al podio con bronce la posta 5 x 80 conformada por Nicol\u00e1s Paz, Nahuel Pinardelli, Santiago Sujeros, Mateo Mendez y Tom\u00e1s Mondino.<\/p>\n<p>Este s\u00e1bado ser\u00e1 m\u00e1s intensa la actividad, ya tambi\u00e9n con participaciones de los juniors.<\/p>\n","protected":false},"excerpt":{"rendered":"<p>Buen inicio para los atletas rafaelinos en la Copa Nacional de Clubes U16 de atletismo que se desarrolla en la<\/p>\n","protected":false},"author":2,"featured_media":17329,"comment_status":"open","ping_status":"open","sticky":false,"template":"","format":"standard","meta":{"footnotes":""},"categories":[7,24],"tags":[],"class_list":["post-17328","post","type-post","status-publish","format-standard","has-post-thumbnail","hentry","category-atletismo","category-noticias-destacadas"],"cc_featured_image_caption":{"caption_text":"","source_text":"","source_url":""},"_links":{"self":[{"href":"https:\/\/todoapulmon-rafaela.com\/index.php\/wp-json\/wp\/v2\/posts\/17328"}],"collection":[{"href":"https:\/\/todoapulmon-rafaela.com\/index.php\/wp-json\/wp\/v2\/posts"}],"about":[{"href":"https:\/\/todoapulmon-rafaela.com\/index.php\/wp-json\/wp\/v2\/types\/post"}],"author":[{"embeddable":true,"href":"https:\/\/todoapulmon-rafaela.com\/index.php\/wp-json\/wp\/v2\/users\/2"}],"replies":[{"embeddable":true,"href":"https:\/\/todoapulmon-rafaela.com\/index.php\/wp-json\/wp\/v2\/comments?post=17328"}],"version-history":[{"count":3,"href":"https:\/\/todoapulmon-rafaela.com\/index.php\/wp-json\/wp\/v2\/posts\/17328\/revisions"}],"predecessor-version":[{"id":17332,"href":"https:\/\/todoapulmon-rafaela.com\/index.php\/wp-json\/wp\/v2\/posts\/17328\/revisions\/17332"}],"wp:featuredmedia":[{"embeddable":true,"href":"https:\/\/todoapulmon-rafaela.com\/index.php\/wp-json\/wp\/v2\/media\/17329"}],"wp:attachment":[{"href":"https:\/\/todoapulmon-rafaela.com\/index.php\/wp-json\/wp\/v2\/media?parent=17328"}],"wp:term":[{"taxonomy":"category","embeddable":true,"href":"https:\/\/todoapulmon-rafaela.com\/index.php\/wp-json\/wp\/v2\/categories?post=17328"},{"taxonomy":"post_tag","embeddable":true,"href":"https:\/\/todoapulmon-rafaela.com\/index.php\/wp-json\/wp\/v2\/tags?post=17328"}],"curies":[{"name":"wp","href":"https:\/\/api.w.org\/{rel}","templated":true}]}}